{"id":28057,"date":"2021-02-01T00:00:00","date_gmt":"2021-02-01T00:00:00","guid":{"rendered":"http:\/\/www.omio.it\/window-seat\/non-categorizzato\/granada"},"modified":"2022-05-19T14:31:09","modified_gmt":"2022-05-19T14:31:09","slug":"granada","status":"publish","type":"post","link":"https:\/\/www.omio.it\/window-seat\/it\/paesi\/spagna\/granada\/","title":{"rendered":"Cosa vedere a Granada: una guida alla citt\u00e0"},"content":{"rendered":"\n<p><span style=\"font-weight: 400;\">Molti viaggiatori visitano la citt\u00e0 andalusa di <a href=\"https:\/\/www.omio.it\/viaggi\/granada?utm_source=omio-magazine&amp;utm_medium=magazine&amp;utm_campaign=city_guides&amp;utm_content=CG_Granada\" target=\"_blank\" rel=\"noreferrer noopener\">Granada<\/a> con l\u2019intento di vedere solo un monumento, che di per s\u00e9 merita sicuramente il viaggio: l\u2019Alhambra. Il vasto complesso del palazzo-fortezza, contraddistinto da cortili con portici ombreggiati e fontane zampillanti, si staglia scenograficamente sullo sfondo della catena montuosa della Sierra Nevada e rappresenta l\u2019apice dell\u2019architettura moresca in Spagna. Nonostante molti visitatori puntino dritto all\u2019Alhambra per poi proseguire verso altre tappe, come Cordoba e Siviglia, Granada premia coloro che si trattengono pi\u00f9 a lungo per fare una breve sosta in citt\u00e0 o immergersi nella sua storia. Nonostante siano passati pi\u00f9 di cinque secoli dalla conquista di Granada da parte dei cosiddetti monarchi cristiani Ferdinando e Isabella, esistono molti altri luoghi in cui i tempi del dominio moresco appaiono sorprendentemente recenti, e quartieri come l\u2019Albaic\u00edn conservano ancora oggi un\u2019atmosfera spesso magica e misteriosa.<\/span><\/p>\n\n\n<div id=\"search-widget-overlay\" class=\"search-widget-overlay\">\r\n  <div class=\"search-widget-overlay__form\" data-search-widget-container>\r\n    <div class=\"search-widget-overlay__details\">\r\n      <button class=\"search-widget-overlay__close\" data-search-widget-close>\r\n        \u2715\r\n      <\/button>\r\n      <div class=\"search-widget-overlay__text\">\r\n        Granada      <\/div>\r\n    <\/div>\r\n\r\n  <\/div>\r\n<\/div>\r\n\r\n<div class=\"search-widget-cta\">\r\n  <button class=\"search-widget-cta__button\" data-search-widget-cta>\r\n    Viaggia a Granada  <\/button>\r\n<\/div>\n\n\n<h3 class=\"wp-block-heading\"><b>Dove mangiare<\/b><\/h3>\n\n\n\n<figure class=\"wp-block-image size-full\"><img decoding=\"async\" src=\"https:\/\/www.omio.it\/window-seat\/wp-content\/uploads\/2022\/04\/granada2.jpg\" alt=\"\" class=\"wp-image-4199\"\/><figcaption>Il jamon iberico \u00e8 immancabile nella dieta locale. Credit: Unsplash<br><\/figcaption><\/figure>\n\n\n\n<p><span style=\"font-weight: 400;\">Molti dei piatti e degli ingredienti tipici della cucina spagnola sono andalusi, tra cui il gazpacho, lo sherry e persino le tapas. Gran parte dell\u2019olio d\u2019oliva spagnolo viene prodotto proprio qui (non a caso, viaggiando tra le campagne troverai quasi ovunque file e file di alberi che si perdono all\u2019orizzonte), mentre alcune delle migliori specialit\u00e0 di <\/span><i><span style=\"font-weight: 400;\">jam\u00f3n iberico<\/span><\/i><span style=\"font-weight: 400;\"> provengono dalla regione dell\u2019Alpujarras, a sud-est di Granada.<\/span><\/p>\n\n\n\n<p><span style=\"font-weight: 400;\">L\u2019origine esatta di uno dei cibi simbolo della Spagna (i <\/span><i><span style=\"font-weight: 400;\">churros<\/span><\/i><span style=\"font-weight: 400;\">) \u00e8 controversa, ma \u00e8 indubbiamente salita alle luci della ribalta quando per la prima volta \u00e8 stata abbinata alla cioccolata calda; un matrimonio reso possibile dalle navi spagnole, tipicamente andaluse, di ritorno dal Nuovo Mondo. Il <\/span><i><span style=\"font-weight: 400;\">Caf\u00e9 F\u00fatbol<\/span><\/i><span style=\"font-weight: 400;\"> \u00e8 un\u2019istituzione granadina dove si pu\u00f2 iniziare la giornata a base di <\/span><i><span style=\"font-weight: 400;\">churros<\/span><\/i><span style=\"font-weight: 400;\"> e cioccolata. I tavolini che nei giorni pi\u00f9 caldi affollano Plaza de Mariana Pineda invitano i passanti a&nbsp; sedersi per ordinare un <\/span><i><span style=\"font-weight: 400;\">granizado<\/span><\/i><span style=\"font-weight: 400;\"> (una bevanda a base di ghiaccio tritato) o un bel gelato. Giunti sul posto si consiglia di visitare alcuni luoghi imperdibili nelle vicinanze. Situato appena fuori dalla piazza, il Palacio de Bibataub\u00edn \u00e8 un edificio del XVIII secolo che prende il nome dalla porta moresca di Bibataub\u00edn, che un tempo sorgeva proprio qui. A pochi minuti nella direzione opposta sorge il Cuarto Real de Santo Domingo, un gioiello moresco incastonato nel cuore della citt\u00e0 e uno dei pochi edifici residenziali sopravvissuti dal XIII secolo, precursore dell\u2019Alhambra e di altri palazzi pi\u00f9 famosi. Un punto a favore: l\u2019ingresso \u00e8 gratuito.<\/span><\/p>\n\n\n\n<p><span style=\"font-weight: 400;\">Ammira l\u2019Alhambra gustando un bel pranzo al <\/span><i><span style=\"font-weight: 400;\">Carmen Mirador de Aixa<\/span><\/i><span style=\"font-weight: 400;\">. Il quartiere di Albaic\u00edn (o Albayz\u00edn), che costeggia la collina sovrastata dall\u2019Alhambra, \u00e8 un labirinto di stradine che seguono l\u2019originale progetto moresco. La zona ospita anche una serie di ristoranti la cui principale attrattiva \u00e8 la vista del palazzo dalle terrazze private. Anche se non tutti offrono pasti e servizio al pari della location, il <\/span><i><span style=\"font-weight: 400;\">Carmen Mirador de Aixa<\/span><\/i><span style=\"font-weight: 400;\"> \u00e8 il migliore in assoluto. Ordina il gazpacho (disponibile solo quando i pomodori hanno raggiunto il culmine della maturazione) e uno dei piatti tipici a base di <\/span><i><span style=\"font-weight: 400;\">bacalao<\/span><\/i><span style=\"font-weight: 400;\"> (baccal\u00e0). Il <\/span><i><span style=\"font-weight: 400;\">Carmen Mirador de Aixa <\/span><\/i><span style=\"font-weight: 400;\">\u00e8 chiuso da novembre alla settimana di Pasqua. Se visiti la citt\u00e0 in inverno, all\u2019interno di due storiche case moresche circondate da giardini rigogliosi che offrono una vista altrettanto spettacolare sull\u2019Alhambra, troverai il Carmen de Amen Humeya, che per di pi\u00f9 \u00e8 aperto tutto l\u2019anno.<\/span><\/p>\n\n\n\n<figure class=\"wp-block-gallery columns-2 is-cropped wp-block-gallery-1 is-layout-flex wp-block-gallery-is-layout-flex\"><ul class=\"blocks-gallery-grid\"><li class=\"blocks-gallery-item\"><figure><img decoding=\"async\" src=\"https:\/\/www.omio.it\/window-seat\/wp-content\/uploads\/2022\/04\/granada3_left.jpg\" alt=\"\" data-id=\"4207\" data-full-url=\"https:\/\/www.omio.it\/window-seat\/wp-content\/uploads\/2022\/04\/granada3_left.jpg\" data-link=\"https:\/\/www.omio.it\/window-seat\/granada3_left\/\" class=\"wp-image-4207\"\/><figcaption class=\"blocks-gallery-item__caption\">Inizia la giornata a base di churros e cioccolato al Cafe Futbol. <br>Credit: Caf\u00e9 Futbol<\/figcaption><\/figure><\/li><li class=\"blocks-gallery-item\"><figure><img decoding=\"async\" src=\"https:\/\/www.omio.it\/window-seat\/wp-content\/uploads\/2022\/04\/granada4_right.jpg\" alt=\"\" data-id=\"4243\" data-full-url=\"https:\/\/www.omio.it\/window-seat\/wp-content\/uploads\/2022\/04\/granada4_right.jpg\" data-link=\"https:\/\/www.omio.it\/window-seat\/granada4_right\/\" class=\"wp-image-4247\"\/><figcaption class=\"blocks-gallery-item__caption\">Il Carmen Mirador de Aixa offre una magnifica vista sull&#8217;Alhambra. <br>Credit: Carmen Mirador de Aixa<\/figcaption><\/figure><\/li><\/ul><\/figure>\n\n\n\n<h3 class=\"wp-block-heading\"><b>Cosa fare<\/b><\/h3>\n\n\n\n<p><span style=\"font-weight: 400;\">Se hai intenzione di visitare Granada, quasi sicuramente ti recherai all\u2019Alhambra, luogo simbolo della citt\u00e0 e una delle opere architettoniche pi\u00f9 famose al mondo. La prenotazione \u00e8 obbligatoria e spesso i biglietti terminano con mesi di anticipo. Prima di prenotare un volo o un hotel, la prima cosa da fare \u00e8 assicurarsi che ci siano biglietti disponibili per l\u2019Alhambra nelle date in cui volerla visitare. Anche se gli ingressi al Palazzo Nasrid, il cuore del complesso, sono programmati, \u00e8 consigliabile arrivare in anticipo o restare anche dopo aver finito il tour per esplorare la fortezza dell\u2019Alcazaba, la residenza estiva del Generalife, il Palazzo di Carlos V e gli ampi giardini.<\/span><\/p>\n\n\n\n<p><span style=\"font-weight: 400;\">Sebbene la popolarit\u00e0 dell\u2019Alhambra sia comprensibile, la folla pu\u00f2 avere un impatto sull\u2019esperienza. L\u2019architettura e la maestria del complesso di Nasrid possono essere ammirate pi\u00f9 facilmente anche in altri siti moreschi di Granada. Il Palacio de Dar Al-Horra (il Palazzo della donna onesta) di Albaic\u00edn fu costruito per la madre di Boabdil, l\u2019ultimo emiro di Granada. La Madraza, originariamente fondata come seminario o madrasa nel XIV secolo, oggi \u00e8 un centro culturale che fa parte dell\u2019Universit\u00e0 di Granada e include parti dell&#8217;edificio originale e le successive aggiunte risalenti al periodo barocco e al XIX-XX secolo. Il centro ospita mostre temporanee che offrono uno sguardo sulla scena culturale e artistica granadina odierna. El Ba\u00f1uelo \u00e8 uno dei bagni arabi meglio conservati della Spagna. Nonostante le sontuose piastrelle che ricoprivano le pareti siano scomparse da tempo, con un po\u2019 di fantasia \u00e8 possibile immaginare come sarebbero state nel XII secolo. I Bagni Arabi in s\u00e9 e per s\u00e9 non sono reperti storici e, nonostante siano una riproduzione palesemente sterilizzata e romantica della vita nella Granada medievale, il complesso di hammam ricrea l\u2019atmosfera di una casa termale moresca: un bagno turco seguito da un bel massaggio \u00e8 il modo ideale per terminare una giornata alla scoperta dei luoghi storici di Granada.<\/span><\/p>\n\n\n\n<figure class=\"wp-block-gallery columns-2 is-cropped wp-block-gallery-2 is-layout-flex wp-block-gallery-is-layout-flex\"><ul class=\"blocks-gallery-grid\"><li class=\"blocks-gallery-item\"><figure><img decoding=\"async\" src=\"https:\/\/www.omio.it\/window-seat\/wp-content\/uploads\/2022\/04\/granada5_square_topleft.jpg\" alt=\"\" data-id=\"4177\" data-full-url=\"https:\/\/www.omio.it\/window-seat\/wp-content\/uploads\/2022\/04\/granada5_square_topleft.jpg\" data-link=\"https:\/\/www.omio.it\/window-seat\/granada5_square_topleft\/\" class=\"wp-image-4177\"\/><figcaption class=\"blocks-gallery-item__caption\">L&#8217;Alhambra \u00e8 l&#8217;apice dell&#8217;architettura moresca. Credit: Age Barros\/Unsplash<\/figcaption><\/figure><\/li><li class=\"blocks-gallery-item\"><figure><img decoding=\"async\" src=\"https:\/\/www.omio.it\/window-seat\/wp-content\/uploads\/2022\/04\/granada6_square_topright.jpg\" alt=\"\" data-id=\"4219\" data-full-url=\"https:\/\/www.omio.it\/window-seat\/wp-content\/uploads\/2022\/04\/granada6_square_topright.jpg\" data-link=\"https:\/\/www.omio.it\/window-seat\/granada6_square_topright\/\" class=\"wp-image-4219\"\/><figcaption class=\"blocks-gallery-item__caption\">Il castello e i suoi giardini presentano cortili con portici ombreggiati. <br>Credit: Agatha Depine\/Unsplash<\/figcaption><\/figure><\/li><\/ul><\/figure>\n\n\n\n<figure class=\"wp-block-gallery columns-2 is-cropped wp-block-gallery-3 is-layout-flex wp-block-gallery-is-layout-flex\"><ul class=\"blocks-gallery-grid\"><li class=\"blocks-gallery-item\"><figure><img decoding=\"async\" src=\"https:\/\/www.omio.it\/window-seat\/wp-content\/uploads\/2022\/04\/granada7_square_bottomleft.jpg\" alt=\"\" data-id=\"4189\" data-full-url=\"https:\/\/www.omio.it\/window-seat\/wp-content\/uploads\/2022\/04\/granada7_square_bottomleft.jpg\" data-link=\"https:\/\/www.omio.it\/window-seat\/granada7_square_bottomleft\/\" class=\"wp-image-4189\"\/><figcaption class=\"blocks-gallery-item__caption\">La citt\u00e0 vanta una miriade di siti storici. Credit: Simon Middleton\/Unsplash<\/figcaption><\/figure><\/li><li class=\"blocks-gallery-item\"><figure><img decoding=\"async\" src=\"https:\/\/www.omio.it\/window-seat\/wp-content\/uploads\/2022\/04\/granada8_square_bottomright.jpg\" alt=\"\" data-id=\"4201\" data-full-url=\"https:\/\/www.omio.it\/window-seat\/wp-content\/uploads\/2022\/04\/granada8_square_bottomright.jpg\" data-link=\"https:\/\/www.omio.it\/window-seat\/granada8_square_bottomright\/\" class=\"wp-image-4201\"\/><figcaption class=\"blocks-gallery-item__caption\">La Cattedrale di Granada sorge nel quartiere di Albaic\u00edn. <br>Credit: Sergio Rota\/Unsplash<\/figcaption><\/figure><\/li><\/ul><\/figure>\n\n\n\n<h3 class=\"wp-block-heading\"><b>Dove dormire<\/b><\/h3>\n\n\n\n<h4 class=\"wp-block-heading\"><b><a href=\"https:\/\/sp.booking.com\/hotel\/es\/parador-de-granada.it.html?aid=1500264&amp;label=goeu_DE_Berlin_ES_Granada_ow_1_0_1_id0_mag_com_IT_EUR_Other_x_other_210201_376217_378585\" target=\"_blank\" rel=\"noreferrer noopener\">Parador de Granada<\/a><\/b><\/h4>\n\n\n\n<p><span style=\"font-weight: 400;\">Se i soldi non sono un problema o se sei a Granada per il tuo viaggio di nozze o per festeggiare un altro traguardo che giustifichi l\u2019ampliamento del budget, il Parador de Granada vale la spesa. L\u2019hotel si trova in un convento riconvertito all\u2019interno del complesso dell\u2019Alhambra, dove potrai trascorrere una o pi\u00f9 notti nei suoi giardini ed essere tra i primi ad arrivare alla mattina, prima che la folla si accalchi nel corso della giornata.<\/span><\/p>\n\n\n\n<figure class=\"wp-block-gallery columns-2 is-cropped wp-block-gallery-4 is-layout-flex wp-block-gallery-is-layout-flex\"><ul class=\"blocks-gallery-grid\"><li class=\"blocks-gallery-item\"><figure><img decoding=\"async\" src=\"https:\/\/www.omio.it\/window-seat\/wp-content\/uploads\/2022\/04\/granada9_left.jpg\" alt=\"\" data-id=\"4225\" data-full-url=\"https:\/\/www.omio.it\/window-seat\/wp-content\/uploads\/2022\/04\/granada9_left.jpg\" data-link=\"https:\/\/www.omio.it\/window-seat\/granada9_left\/\" class=\"wp-image-4225\"\/><figcaption class=\"blocks-gallery-item__caption\">Le camere del Parador de Granada sfoggiano letti a baldacchino e tocchi in stile moresco. Credit: Booking.com<\/figcaption><\/figure><\/li><li class=\"blocks-gallery-item\"><figure><img decoding=\"async\" src=\"https:\/\/www.omio.it\/window-seat\/wp-content\/uploads\/2022\/04\/granada10_right.jpg\" alt=\"\" data-id=\"4255\" data-full-url=\"https:\/\/www.omio.it\/window-seat\/wp-content\/uploads\/2022\/04\/granada10_right.jpg\" data-link=\"https:\/\/www.omio.it\/window-seat\/granada10_right\/\" class=\"wp-image-4259\"\/><figcaption class=\"blocks-gallery-item__caption\">L&#8217;hotel \u00e8 un antico convento situato nel complesso dell&#8217;Alhambra. <br>Credit: Booking.com<\/figcaption><\/figure><\/li><\/ul><\/figure>\n\n\n\n<h4 class=\"wp-block-heading\"><b><a href=\"https:\/\/sp.booking.com\/hotel\/es\/palacio-de-santa-ines.es.html?aid=1500264;label=goeu_DE_Berlin_ES_Granada_ow_1_0_1_id0_mag_com_IT_EUR_Other_x_other_210201_376217_378585;sid=ca9f88ad322cda607b239136200f703e;dist=0&amp;group_adults=2&amp;group_children=0&amp;keep_landing=1&amp;no_rooms=1&amp;sb_price_type=total&amp;type=total&amp;\" target=\"_blank\" rel=\"noreferrer noopener\">Palacio de Santa In\u00e9s<\/a><\/b><\/h4>\n\n\n\n<p><span style=\"font-weight: 400;\">Al Palacio de Santa In\u00e9s dormirai in una struttura storica pi\u00f9 modesta. I due edifici del XVI secolo che ospitano l\u2019hotel risalgono al periodo successivo alla conquista della citt\u00e0 da parte di Ferdinando e Isabella nel 1492. Dettagli come le piastrelle, gli affreschi rinascimentali e il tetto in stile mud\u00e9jar sono stati meticolosamente conservati, mentre le camere sono dotate di tutti i comfort che ci si aspetterebbe da un hotel contemporaneo. La posizione nel quartiere dell\u2019Albaic\u00edn \u00e8 comoda per raggiungere molti dei luoghi pi\u00f9 famosi di Granada: la Cattedrale si trova a meno di dieci minuti a piedi, mentre l\u2019Alhambra troneggia dall\u2019alto ed \u00e8 raggiungibile in circa 20 minuti a piedi.<\/span><\/p>\n\n\n\n<figure class=\"wp-block-gallery columns-2 is-cropped wp-block-gallery-5 is-layout-flex wp-block-gallery-is-layout-flex\"><ul class=\"blocks-gallery-grid\"><li class=\"blocks-gallery-item\"><figure><img decoding=\"async\" src=\"https:\/\/www.omio.it\/window-seat\/wp-content\/uploads\/2022\/04\/granada11_left.jpg\" alt=\"\" data-id=\"4249\" data-full-url=\"https:\/\/www.omio.it\/window-seat\/wp-content\/uploads\/2022\/04\/granada11_left.jpg\" data-link=\"https:\/\/www.omio.it\/window-seat\/granada11_left\/\" class=\"wp-image-4249\"\/><figcaption class=\"blocks-gallery-item__caption\">Il Palacio de Santa In\u00e9s sorge in un edificio del XVI secolo. Credit: Booking.com<\/figcaption><\/figure><\/li><li class=\"blocks-gallery-item\"><figure><img decoding=\"async\" src=\"https:\/\/www.omio.it\/window-seat\/wp-content\/uploads\/2022\/04\/granada12_right.jpg\" alt=\"\" data-id=\"4237\" data-full-url=\"https:\/\/www.omio.it\/window-seat\/wp-content\/uploads\/2022\/04\/granada12_right.jpg\" data-link=\"https:\/\/www.omio.it\/window-seat\/granada12_right\/\" class=\"wp-image-4237\"\/><figcaption class=\"blocks-gallery-item__caption\">L&#8217;hotel offre balconi con panorami spettacolari. <br>Credit: Booking.com<\/figcaption><\/figure><\/li><\/ul><\/figure>\n\n\n<div id=\"search-widget-overlay\" class=\"search-widget-overlay\">\r\n  <div class=\"search-widget-overlay__form\" data-search-widget-container>\r\n    <div class=\"search-widget-overlay__details\">\r\n      <button class=\"search-widget-overlay__close\" data-search-widget-close>\r\n        \u2715\r\n      <\/button>\r\n      <div class=\"search-widget-overlay__text\">\r\n        Granada      <\/div>\r\n    <\/div>\r\n\r\n  <\/div>\r\n<\/div>\r\n\r\n<div class=\"search-widget-cta\">\r\n  <button class=\"search-widget-cta__button\" data-search-widget-cta>\r\n    Viaggia a Granada  <\/button>\r\n<\/div>\n\n\n<h4 class=\"wp-block-heading\"><b><a href=\"https:\/\/sp.booking.com\/hotel\/es\/casa-morisca.it.html?aid=1500264&amp;label=goeu_DE_Berlin_ES_Granada_ow_1_0_1_id0_mag_com_IT_EUR_Other_x_other_210201_376217_378585\" target=\"_blank\" rel=\"noreferrer noopener\">Casa Morisca<\/a><\/b><\/h4>\n\n\n\n<p><span style=\"font-weight: 400;\">Non lontano dal Palacio de Santa In\u00e9s e dall\u2019Albaic\u00edn, la Casa Morisca sorge in un edificio della fine del XV secolo e deve il nome all\u2019accezione spagnola usata per indicare i mori che soggiornarono in Spagna dopo la Reconquista, ossia la riconquista da parte dei monarchi cristiani. L\u2019edificio storico \u00e8 rinato sotto l\u2019occhio vigile dell\u2019architetto Carlos Sanchez, prendendo le forme di un hotel con 14 stanze: il risultato \u00e8 un rifugio dall\u2019atmosfera suggestiva ottenuta grazie a dettagli curati, che includono una fontana moresca nel cortile centrale ed elaborati soffitti a cassettoni.<\/span><\/p>\n\n\n\n<figure class=\"wp-block-gallery columns-2 is-cropped wp-block-gallery-6 is-layout-flex wp-block-gallery-is-layout-flex\"><ul class=\"blocks-gallery-grid\"><li class=\"blocks-gallery-item\"><figure><img decoding=\"async\" src=\"https:\/\/www.omio.it\/window-seat\/wp-content\/uploads\/2022\/04\/granasa13_left.jpg\" alt=\"\" data-id=\"7610\" data-full-url=\"https:\/\/www.omio.it\/window-seat\/wp-content\/uploads\/2022\/04\/granasa13_left.jpg\" data-link=\"https:\/\/www.omio.it\/window-seat\/?attachment_id=7610\" class=\"wp-image-7610\"\/><figcaption class=\"blocks-gallery-item__caption\">La Casa Morisca \u00e8 situata in una struttura del XV secolo. <br>Credit: Booking.com<\/figcaption><\/figure><\/li><li class=\"blocks-gallery-item\"><figure><img decoding=\"async\" src=\"https:\/\/www.omio.it\/window-seat\/wp-content\/uploads\/2022\/04\/granada14_right.jpg\" alt=\"\" data-id=\"4213\" data-full-url=\"https:\/\/www.omio.it\/window-seat\/wp-content\/uploads\/2022\/04\/granada14_right.jpg\" data-link=\"https:\/\/www.omio.it\/window-seat\/granada14_right\/\" class=\"wp-image-4213\"\/><figcaption class=\"blocks-gallery-item__caption\">Tutte le 14 camere sono state progettate da Carlos Sanchez. <br>Credit: Booking.com<\/figcaption><\/figure><\/li><\/ul><\/figure>\n","protected":false},"excerpt":{"rendered":"<p>La nostra guida di Granada comprende naturalmente l\u2019Alhambra, che comunque non \u00e8<br \/>\nche il complesso monumentale pi\u00f9 famoso di questa affascinante meta storico-<br \/>\nculturale.<\/p>\n","protected":false},"author":1,"featured_media":5441,"comment_status":"open","ping_status":"open","sticky":false,"template":"","format":"standard","meta":{"_acf_changed":false,"inline_featured_image":false,"footnotes":""},"categories":[2164],"tags":[],"position_ids":[],"class_list":["post-28057","post","type-post","status-publish","format-standard","has-post-thumbnail","hentry","category-spagna","entry"],"acf":[],"yoast_head":"<!-- This site is optimized with the Yoast SEO plugin v24.9 - https:\/\/yoast.com\/wordpress\/plugins\/seo\/ -->\n<title>Cosa vedere a Granada nel 2026<\/title>\n<meta name=\"description\" content=\"Scopri dove mangiare, cosa fare e dove stare a Granada. Esplora la citt\u00e0 dell&#039;Andalusia la nostra guida &quot;local&quot;.\" \/>\n<meta name=\"robots\" content=\"index, follow, max-snippet:-1, max-image-preview:large, max-video-preview:-1\" \/>\n<link rel=\"canonical\" href=\"https:\/\/www.omio.it\/window-seat\/paesi\/spagna\/granada\/\" \/>\n<meta property=\"og:locale\" content=\"en_US\" \/>\n<meta property=\"og:type\" content=\"article\" \/>\n<meta property=\"og:title\" content=\"Cosa vedere a Granada nel 2026\" \/>\n<meta property=\"og:description\" content=\"Scopri dove mangiare, cosa fare e dove stare a Granada. Esplora la citt\u00e0 dell&#039;Andalusia la nostra guida &quot;local&quot;.\" \/>\n<meta property=\"og:url\" content=\"https:\/\/www.omio.it\/window-seat\/it\/paesi\/spagna\/granada\/\" \/>\n<meta property=\"og:site_name\" content=\"The Window Seat\" \/>\n<meta property=\"article:published_time\" content=\"2021-02-01T00:00:00+00:00\" \/>\n<meta property=\"article:modified_time\" content=\"2022-05-19T14:31:09+00:00\" \/>\n<meta property=\"og:image\" content=\"https:\/\/www.omio.it\/window-seat\/wp-content\/uploads\/2022\/04\/Granada1-scaled.jpg\" \/>\n\t<meta property=\"og:image:width\" content=\"2560\" \/>\n\t<meta property=\"og:image:height\" content=\"1700\" \/>\n\t<meta property=\"og:image:type\" content=\"image\/jpeg\" \/>\n<meta name=\"author\" content=\"The Window Seat\" \/>\n<meta name=\"twitter:card\" content=\"summary_large_image\" \/>\n<meta name=\"twitter:label1\" content=\"Written by\" \/>\n\t<meta name=\"twitter:data1\" content=\"The Window Seat\" \/>\n\t<meta name=\"twitter:label2\" content=\"Est. reading time\" \/>\n\t<meta name=\"twitter:data2\" content=\"9 minutes\" \/>\n<script type=\"application\/ld+json\" class=\"yoast-schema-graph\">{\"@context\":\"https:\/\/schema.org\",\"@graph\":[{\"@type\":\"WebPage\",\"@id\":\"https:\/\/www.omio.it\/window-seat\/it\/paesi\/spagna\/granada\/\",\"url\":\"https:\/\/www.omio.it\/window-seat\/it\/paesi\/spagna\/granada\/\",\"name\":\"Cosa vedere a Granada nel 2026\",\"isPartOf\":{\"@id\":\"https:\/\/www.omio.it\/window-seat\/#website\"},\"primaryImageOfPage\":{\"@id\":\"https:\/\/www.omio.it\/window-seat\/it\/paesi\/spagna\/granada\/#primaryimage\"},\"image\":{\"@id\":\"https:\/\/www.omio.it\/window-seat\/it\/paesi\/spagna\/granada\/#primaryimage\"},\"thumbnailUrl\":\"https:\/\/www.omio.it\/window-seat\/wp-content\/uploads\/2022\/04\/Granada1-scaled.jpg\",\"datePublished\":\"2021-02-01T00:00:00+00:00\",\"dateModified\":\"2022-05-19T14:31:09+00:00\",\"author\":{\"@id\":\"https:\/\/www.omio.it\/window-seat\/#\/schema\/person\/8cd4686bf4ef930c7782ad55724cb9bc\"},\"description\":\"Scopri dove mangiare, cosa fare e dove stare a Granada. Esplora la citt\u00e0 dell'Andalusia la nostra guida \\\"local\\\".\",\"breadcrumb\":{\"@id\":\"https:\/\/www.omio.it\/window-seat\/it\/paesi\/spagna\/granada\/#breadcrumb\"},\"inLanguage\":\"en-US\",\"potentialAction\":[{\"@type\":\"ReadAction\",\"target\":[\"https:\/\/www.omio.it\/window-seat\/it\/paesi\/spagna\/granada\/\"]}]},{\"@type\":\"ImageObject\",\"inLanguage\":\"en-US\",\"@id\":\"https:\/\/www.omio.it\/window-seat\/it\/paesi\/spagna\/granada\/#primaryimage\",\"url\":\"https:\/\/www.omio.it\/window-seat\/wp-content\/uploads\/2022\/04\/Granada1-scaled.jpg\",\"contentUrl\":\"https:\/\/www.omio.it\/window-seat\/wp-content\/uploads\/2022\/04\/Granada1-scaled.jpg\",\"width\":2560,\"height\":1700,\"caption\":\"Credit: Shutterstock\"},{\"@type\":\"BreadcrumbList\",\"@id\":\"https:\/\/www.omio.it\/window-seat\/it\/paesi\/spagna\/granada\/#breadcrumb\",\"itemListElement\":[{\"@type\":\"ListItem\",\"position\":1,\"name\":\"The Window Seat\",\"item\":\"https:\/\/www.omio.it\/window-seat\/\"},{\"@type\":\"ListItem\",\"position\":2,\"name\":\"Countries\",\"item\":\"https:\/\/www.omio.it\/window-seat\/countries\/\"},{\"@type\":\"ListItem\",\"position\":3,\"name\":\"Spain\",\"item\":\"https:\/\/www.omio.it\/window-seat\/countries\/spain\/\"},{\"@type\":\"ListItem\",\"position\":4,\"name\":\"Cosa vedere a Granada: una guida alla citt\u00e0\"}]},{\"@type\":\"WebSite\",\"@id\":\"https:\/\/www.omio.it\/window-seat\/#website\",\"url\":\"https:\/\/www.omio.it\/window-seat\/\",\"name\":\"The Window Seat\",\"description\":\"\",\"potentialAction\":[{\"@type\":\"SearchAction\",\"target\":{\"@type\":\"EntryPoint\",\"urlTemplate\":\"https:\/\/www.omio.it\/window-seat\/?s={search_term_string}\"},\"query-input\":{\"@type\":\"PropertyValueSpecification\",\"valueRequired\":true,\"valueName\":\"search_term_string\"}}],\"inLanguage\":\"en-US\"},{\"@type\":\"Person\",\"@id\":\"https:\/\/www.omio.it\/window-seat\/#\/schema\/person\/8cd4686bf4ef930c7782ad55724cb9bc\",\"name\":\"The Window Seat\",\"image\":{\"@type\":\"ImageObject\",\"inLanguage\":\"en-US\",\"@id\":\"https:\/\/www.omio.it\/window-seat\/#\/schema\/person\/image\/\",\"url\":\"https:\/\/secure.gravatar.com\/avatar\/fe8ef6a7192bfbdbf9c22e062f16ac1a235d0149740bc8f037d21ea511dbcd51?s=96&d=mm&r=g\",\"contentUrl\":\"https:\/\/secure.gravatar.com\/avatar\/fe8ef6a7192bfbdbf9c22e062f16ac1a235d0149740bc8f037d21ea511dbcd51?s=96&d=mm&r=g\",\"caption\":\"The Window Seat\"},\"sameAs\":[\"http:\/\/www.omio.it\/window-seat\"]}]}<\/script>\n<!-- \/ Yoast SEO plugin. -->","yoast_head_json":{"title":"Cosa vedere a Granada nel 2026","description":"Scopri dove mangiare, cosa fare e dove stare a Granada. Esplora la citt\u00e0 dell'Andalusia la nostra guida \"local\".","robots":{"index":"index","follow":"follow","max-snippet":"max-snippet:-1","max-image-preview":"max-image-preview:large","max-video-preview":"max-video-preview:-1"},"canonical":"https:\/\/www.omio.it\/window-seat\/paesi\/spagna\/granada\/","og_locale":"en_US","og_type":"article","og_title":"Cosa vedere a Granada nel 2026","og_description":"Scopri dove mangiare, cosa fare e dove stare a Granada. Esplora la citt\u00e0 dell'Andalusia la nostra guida \"local\".","og_url":"https:\/\/www.omio.it\/window-seat\/it\/paesi\/spagna\/granada\/","og_site_name":"The Window Seat","article_published_time":"2021-02-01T00:00:00+00:00","article_modified_time":"2022-05-19T14:31:09+00:00","og_image":[{"width":2560,"height":1700,"url":"https:\/\/www.omio.it\/window-seat\/wp-content\/uploads\/2022\/04\/Granada1-scaled.jpg","type":"image\/jpeg"}],"author":"The Window Seat","twitter_card":"summary_large_image","twitter_misc":{"Written by":"The Window Seat","Est. reading time":"9 minutes"},"schema":{"@context":"https:\/\/schema.org","@graph":[{"@type":"WebPage","@id":"https:\/\/www.omio.it\/window-seat\/it\/paesi\/spagna\/granada\/","url":"https:\/\/www.omio.it\/window-seat\/it\/paesi\/spagna\/granada\/","name":"Cosa vedere a Granada nel 2026","isPartOf":{"@id":"https:\/\/www.omio.it\/window-seat\/#website"},"primaryImageOfPage":{"@id":"https:\/\/www.omio.it\/window-seat\/it\/paesi\/spagna\/granada\/#primaryimage"},"image":{"@id":"https:\/\/www.omio.it\/window-seat\/it\/paesi\/spagna\/granada\/#primaryimage"},"thumbnailUrl":"https:\/\/www.omio.it\/window-seat\/wp-content\/uploads\/2022\/04\/Granada1-scaled.jpg","datePublished":"2021-02-01T00:00:00+00:00","dateModified":"2022-05-19T14:31:09+00:00","author":{"@id":"https:\/\/www.omio.it\/window-seat\/#\/schema\/person\/8cd4686bf4ef930c7782ad55724cb9bc"},"description":"Scopri dove mangiare, cosa fare e dove stare a Granada. Esplora la citt\u00e0 dell'Andalusia la nostra guida \"local\".","breadcrumb":{"@id":"https:\/\/www.omio.it\/window-seat\/it\/paesi\/spagna\/granada\/#breadcrumb"},"inLanguage":"en-US","potentialAction":[{"@type":"ReadAction","target":["https:\/\/www.omio.it\/window-seat\/it\/paesi\/spagna\/granada\/"]}]},{"@type":"ImageObject","inLanguage":"en-US","@id":"https:\/\/www.omio.it\/window-seat\/it\/paesi\/spagna\/granada\/#primaryimage","url":"https:\/\/www.omio.it\/window-seat\/wp-content\/uploads\/2022\/04\/Granada1-scaled.jpg","contentUrl":"https:\/\/www.omio.it\/window-seat\/wp-content\/uploads\/2022\/04\/Granada1-scaled.jpg","width":2560,"height":1700,"caption":"Credit: Shutterstock"},{"@type":"BreadcrumbList","@id":"https:\/\/www.omio.it\/window-seat\/it\/paesi\/spagna\/granada\/#breadcrumb","itemListElement":[{"@type":"ListItem","position":1,"name":"The Window Seat","item":"https:\/\/www.omio.it\/window-seat\/"},{"@type":"ListItem","position":2,"name":"Countries","item":"https:\/\/www.omio.it\/window-seat\/countries\/"},{"@type":"ListItem","position":3,"name":"Spain","item":"https:\/\/www.omio.it\/window-seat\/countries\/spain\/"},{"@type":"ListItem","position":4,"name":"Cosa vedere a Granada: una guida alla citt\u00e0"}]},{"@type":"WebSite","@id":"https:\/\/www.omio.it\/window-seat\/#website","url":"https:\/\/www.omio.it\/window-seat\/","name":"The Window Seat","description":"","potentialAction":[{"@type":"SearchAction","target":{"@type":"EntryPoint","urlTemplate":"https:\/\/www.omio.it\/window-seat\/?s={search_term_string}"},"query-input":{"@type":"PropertyValueSpecification","valueRequired":true,"valueName":"search_term_string"}}],"inLanguage":"en-US"},{"@type":"Person","@id":"https:\/\/www.omio.it\/window-seat\/#\/schema\/person\/8cd4686bf4ef930c7782ad55724cb9bc","name":"The Window Seat","image":{"@type":"ImageObject","inLanguage":"en-US","@id":"https:\/\/www.omio.it\/window-seat\/#\/schema\/person\/image\/","url":"https:\/\/secure.gravatar.com\/avatar\/fe8ef6a7192bfbdbf9c22e062f16ac1a235d0149740bc8f037d21ea511dbcd51?s=96&d=mm&r=g","contentUrl":"https:\/\/secure.gravatar.com\/avatar\/fe8ef6a7192bfbdbf9c22e062f16ac1a235d0149740bc8f037d21ea511dbcd51?s=96&d=mm&r=g","caption":"The Window Seat"},"sameAs":["http:\/\/www.omio.it\/window-seat"]}]}},"_links":{"self":[{"href":"https:\/\/www.omio.it\/window-seat\/wp-json\/wp\/v2\/posts\/28057","targetHints":{"allow":["GET"]}}],"collection":[{"href":"https:\/\/www.omio.it\/window-seat\/wp-json\/wp\/v2\/posts"}],"about":[{"href":"https:\/\/www.omio.it\/window-seat\/wp-json\/wp\/v2\/types\/post"}],"author":[{"embeddable":true,"href":"https:\/\/www.omio.it\/window-seat\/wp-json\/wp\/v2\/users\/1"}],"replies":[{"embeddable":true,"href":"https:\/\/www.omio.it\/window-seat\/wp-json\/wp\/v2\/comments?post=28057"}],"version-history":[{"count":6,"href":"https:\/\/www.omio.it\/window-seat\/wp-json\/wp\/v2\/posts\/28057\/revisions"}],"predecessor-version":[{"id":37860,"href":"https:\/\/www.omio.it\/window-seat\/wp-json\/wp\/v2\/posts\/28057\/revisions\/37860"}],"wp:featuredmedia":[{"embeddable":true,"href":"https:\/\/www.omio.it\/window-seat\/wp-json\/wp\/v2\/media\/5441"}],"wp:attachment":[{"href":"https:\/\/www.omio.it\/window-seat\/wp-json\/wp\/v2\/media?parent=28057"}],"wp:term":[{"taxonomy":"category","embeddable":true,"href":"https:\/\/www.omio.it\/window-seat\/wp-json\/wp\/v2\/categories?post=28057"},{"taxonomy":"post_tag","embeddable":true,"href":"https:\/\/www.omio.it\/window-seat\/wp-json\/wp\/v2\/tags?post=28057"},{"taxonomy":"position_id","embeddable":true,"href":"https:\/\/www.omio.it\/window-seat\/wp-json\/wp\/v2\/position_ids?post=28057"}],"curies":[{"name":"wp","href":"https:\/\/api.w.org\/{rel}","templated":true}]}}