{"id":28177,"date":"2021-02-01T00:00:00","date_gmt":"2021-02-01T00:00:00","guid":{"rendered":"http:\/\/www.omio.it\/window-seat\/non-categorizzato\/terme-storiche-in-europa-da-baden-baden-a-vichy"},"modified":"2022-08-04T09:20:07","modified_gmt":"2022-08-04T09:20:07","slug":"terme-storiche-in-europa-da-baden-baden-a-vichy","status":"publish","type":"post","link":"https:\/\/www.omio.it\/window-seat\/it\/cultura-stili-di-vita\/terme-storiche-in-europa-da-baden-baden-a-vichy\/","title":{"rendered":"Terme storiche in Europa: da Baden Baden a Vichy"},"content":{"rendered":"\n<p>In giro per il mondo si trovano molti stabilimenti termali. Concedersi un giorno in una SPA \u00e8 un bel regalo quando lavori per tante ore ma, per ringiovanire davvero, ti consigliamo una sosta in una di queste cinque citt\u00e0 storiche, parte dei grandi stabilimenti termali patrimonio dell\u2019UNESCO. \u00c8 il modo ideale per disintossicarsi dallo stress accumulato. Sebbene, nell&#8217;elenco ufficiale dell&#8217;UNESCO, figurino 15 luoghi, noi abbiamo ristretto la lista ai nostri preferiti in cinque Paesi diversi.<\/p>\n\n\n\n<h3 class=\"wp-block-heading\"><strong>Baden-Baden, Germania<\/strong><\/h3>\n\n\n\n<figure class=\"wp-block-image size-full\"><img decoding=\"async\" src=\"https:\/\/www.omio.it\/window-seat\/wp-content\/uploads\/2022\/04\/2_Baden_Baden_Fullbleed_shutterstock_275587118-scaled.jpg\" alt=\"\" class=\"wp-image-17519\"\/><figcaption>La citt\u00e0 della Foresta Nera Baden-Baden \u00e8 stata a lungo un luogo di benessere. <br>Credit: Shutterstock<\/figcaption><\/figure>\n\n\n\n<p>Situata nella Foresta Nera, a ridosso del fiume Oos, <a href=\"https:\/\/www.omio.it\/viaggi\/baden-baden?utm_source=omio-magazine&amp;utm_medium=magazine&amp;utm_campaign=February%20&amp;utm_content=Unescospa&amp;utm_term=IT_BadenBaden\" target=\"_blank\" rel=\"noreferrer noopener\">Baden-Baden<\/a> \u00e8 da tempo sinonimo di terme. I romani si insediarono nella citt\u00e0 nell&#8217;80 d.C., portando al seguito le loro tradizioni termali. Ma fu solo nel 19\u00b0 secolo che gli europei benestanti si diressero qui per godere delle sue acque curative. Fai un tour delle terme romane su R\u00f6merplatz o visita il casin\u00f2 nello storico Kurhaus, un tempo utilizzato come rifugio termale.<\/p>\n\n\n<div id=\"search-widget-overlay\" class=\"search-widget-overlay\">\r\n  <div class=\"search-widget-overlay__form\" data-search-widget-container>\r\n    <div class=\"search-widget-overlay__details\">\r\n      <button class=\"search-widget-overlay__close\" data-search-widget-close>\r\n        \u2715\r\n      <\/button>\r\n      <div class=\"search-widget-overlay__text\">\r\n        Baden-Baden      <\/div>\r\n    <\/div>\r\n\r\n  <\/div>\r\n<\/div>\r\n\r\n<div class=\"search-widget-cta\">\r\n  <button class=\"search-widget-cta__button\" data-search-widget-cta>\r\n    Viaggia a Baden-Baden  <\/button>\r\n<\/div>\n\n\n<p>Verdeggiante, ricca di giardini e sentieri escursionistici, Baden-Baden offre un accogliente sollievo dal caos e dalla frenesia della grande citt\u00e0, soprattutto in bassa o media stagione. Dirigiti alle terme di Caracalla per fare il bagno nelle piscine interne ed esterne, alimentate con l\u2019acqua della sorgente Friedrichsstolle o concediti un massaggio. Potresti passare l&#8217;intera giornata qui e non voler partire pi\u00f9.<\/p>\n\n\n\n<p><strong>Dove soggiornare: Atlantic Park Hotel<\/strong><br>Questo storico hotel si trova sulle rive del fiume Oos. Offre viste sul parco e 53 camere e suite su quattro piani, arredate con mobili tradizionali.<\/p>\n\n\n\n<figure class=\"wp-block-gallery has-nested-images columns-default is-cropped wp-block-gallery-1 is-layout-flex wp-block-gallery-is-layout-flex\">\n<figure class=\"wp-block-image size-large\"><img decoding=\"async\" data-id=\"17531\" src=\"https:\/\/www.omio.it\/window-seat\/wp-content\/uploads\/2022\/04\/5_EditorialOnly_Baden_Baden_Caracalla_shutterstock_1820978303.jpg\" alt=\"\" class=\"wp-image-17531\"\/><figcaption>Il centro benessere Caracalla dispone di piscine interne ed esterne per il relax. Credit: Shutterstock<\/figcaption><\/figure>\n\n\n\n<figure class=\"wp-block-image size-large\"><img decoding=\"async\" data-id=\"17537\" src=\"https:\/\/www.omio.it\/window-seat\/wp-content\/uploads\/2022\/04\/4_Baden_Badenshutterstock_78532423-scaled.jpg\" alt=\"\" class=\"wp-image-17537\"\/><figcaption>L&#8217;ambiente pittoresco della citt\u00e0 \u00e8 lo sfondo perfetto per il ringiovanimento. Credit: Shutterstock<\/figcaption><\/figure>\n<\/figure>\n\n\n\n<p><strong>Luha\u010dovice, Repubblica Ceca<\/strong><br>Se Karlovy Vary \u00e8 meglio conosciuta, Luha\u010dovice, con le sue 14 sorgenti minerali, \u00e8 il vero gioiello termale della Repubblica Ceca. Situata al confine con la Slovacchia, nelle montagne dei Carpazi, Luha\u010dovice vanta solo 6.000 residenti, garantendo un vero e proprio relax. La citt\u00e0 ha una lunga storia di benessere, che risale alla met\u00e0 del 1600, quando la famiglia Serenyi scopr\u00ec un modo per sfruttare i poteri curativi delle sorgenti naturali della zona.<\/p>\n\n\n<div id=\"search-widget-overlay\" class=\"search-widget-overlay\">\r\n  <div class=\"search-widget-overlay__form\" data-search-widget-container>\r\n    <div class=\"search-widget-overlay__details\">\r\n      <button class=\"search-widget-overlay__close\" data-search-widget-close>\r\n        \u2715\r\n      <\/button>\r\n      <div class=\"search-widget-overlay__text\">\r\n        Luha\u010dovice      <\/div>\r\n    <\/div>\r\n\r\n  <\/div>\r\n<\/div>\r\n\r\n<div class=\"search-widget-cta\">\r\n  <button class=\"search-widget-cta__button\" data-search-widget-cta>\r\n    Viaggia a Luha\u010dovice  <\/button>\r\n<\/div>\n\n\n<p>Dirigiti verso L\u00e1ze\u0148sk\u00e9 n\u00e1m\u011bst\u00ed (Piazza delle terme) e ammira l&#8217;architettura di Du\u0161an Jurkovi\u010d. Il figlio Jurkovic \u00e8 stato determinante nel conferire alla localit\u00e0 turistica la sua qualit\u00e0 fiabesca, con il lavoro svolto presso Slune\u010dn\u00ed l\u00e1zn\u011b (Spa Splendente) e Vodol\u00e9\u010debn\u00e9ho \u00fastavu (Struttura per l\u2019idroterapia). Rilassati con un soggiorno di una settimana approvato da un medico: potrai bere da una variet\u00e0 di sorgenti che hanno il beneficio di curare malattie respiratorie, muscolo-scheletriche, digestive e circolatorie.<\/p>\n\n\n\n<figure class=\"wp-block-gallery has-nested-images columns-default wp-block-gallery-2 is-layout-flex wp-block-gallery-is-layout-flex\">\n<figure class=\"wp-block-image size-large\"><img decoding=\"async\" data-id=\"17545\" src=\"https:\/\/www.omio.it\/window-seat\/wp-content\/uploads\/2022\/04\/6_Luhacovice_shutterstock_77339056-scaled.jpg\" alt=\"\" class=\"wp-image-17545\"\/><figcaption>A Luha\u010dovice i visitatori possono bere da 14 diverse sorgenti minerali. <br>Credit: Shutterstock<\/figcaption><\/figure>\n\n\n\n<figure class=\"wp-block-image size-large\"><img decoding=\"async\" data-id=\"17551\" src=\"https:\/\/www.omio.it\/window-seat\/wp-content\/uploads\/2022\/04\/7_Luhacovice_Jurkovic_House_Architect_shutterstock_1148336903-scaled.jpg\" alt=\"\" class=\"wp-image-17551\"\/><figcaption>La citt\u00e0 presenta edifici fiabeschi progettati dall&#8217;architetto Du\u0161an Jurkovi\u010d. Credit: Shutterstock<\/figcaption><\/figure>\n<\/figure>\n\n\n\n<p><strong>Dove soggiornare: Hotel Radun<\/strong><br>Questo hotel boutique a conduzione familiare, situato fuori dal centro della citt\u00e0, dispone di 15 camere con vista sulla sorgente Aloiska e offre trattamenti benessere per gli ospiti presso il proprio centro termale.<\/p>\n\n\n\n<p><strong>Montecatini Terme, Italia<\/strong><br>Gli italiani sono stati tra i primi a riconoscere i poteri curativi delle sorgenti, quindi non c&#8217;\u00e8 da meravigliarsi che la citt\u00e0 toscana di <a href=\"https:\/\/www.omio.it\/viaggi\/montecatini-terme?utm_source=omio-magazine&amp;utm_medium=magazine&amp;utm_campaign=February%20&amp;utm_content=Unescospa&amp;utm_term=IT_Montecatini\" target=\"_blank\" rel=\"noreferrer noopener\">Montecatini Terme<\/a> sia una tra le citt\u00e0 termali storiche pi\u00f9 famose d&#8217;Europa. I romani vi costruirono le terme, ma fu il Granduca Pietro Leopoldo di Lorena a consolidare le sorgenti nel Settecento, costruendo, tra le altre strutture, il Bagno Regio e le Terme Leopoldine.<\/p>\n\n\n<div id=\"search-widget-overlay\" class=\"search-widget-overlay\">\r\n  <div class=\"search-widget-overlay__form\" data-search-widget-container>\r\n    <div class=\"search-widget-overlay__details\">\r\n      <button class=\"search-widget-overlay__close\" data-search-widget-close>\r\n        \u2715\r\n      <\/button>\r\n      <div class=\"search-widget-overlay__text\">\r\n        Montecatini Terme      <\/div>\r\n    <\/div>\r\n\r\n  <\/div>\r\n<\/div>\r\n\r\n<div class=\"search-widget-cta\">\r\n  <button class=\"search-widget-cta__button\" data-search-widget-cta>\r\n    Viaggia a Montecatini Terme  <\/button>\r\n<\/div>\n\n\n<p>Passeggia sotto i viali alberati mentre prendi l&#8217;antica funicolare da Viale Verdi a Piazza Giusti per ammirare l\u2019Appennino e la Val di Nievole. Dirigiti al complesso delle Terme Tettuccio per ammirare elaborati affreschi e capolavori dell&#8217;Art Nouveau mentre bevi acqua che sgorga dalle quattro sorgenti principali della citt\u00e0.<\/p>\n\n\n\n<p><strong>Dove soggiornare: Hotel Adua &amp; Regina di Saba&nbsp;<\/strong><br>Questo rifugio benessere, con spa e piscine aperte tutto l&#8217;anno, vanta interni colorati, con camere e suite dotate di vasche idromassaggio e comfort moderni.<\/p>\n\n\n\n<figure class=\"wp-block-gallery has-nested-images columns-default is-cropped wp-block-gallery-3 is-layout-flex wp-block-gallery-is-layout-flex\">\n<figure class=\"wp-block-image size-large\"><img decoding=\"async\" data-id=\"17558\" src=\"https:\/\/www.omio.it\/window-seat\/wp-content\/uploads\/2022\/04\/8_Montecatini_Terme_eyeem-100033628-130431706-2-scaled.jpg\" alt=\"\" class=\"wp-image-17558\"\/><figcaption>Montecatini Terme \u00e8 immersa nella campagna toscana. Credit: EyeEm<\/figcaption><\/figure>\n<\/figure>\n\n\n\n<figure class=\"wp-block-gallery has-nested-images columns-default is-cropped wp-block-gallery-4 is-layout-flex wp-block-gallery-is-layout-flex\">\n<figure class=\"wp-block-image size-large\"><img decoding=\"async\" data-id=\"17564\" src=\"https:\/\/www.omio.it\/window-seat\/wp-content\/uploads\/2022\/04\/9_Montecatini_Terme_gulzada-bektemirova-_xw6eFdECY8-unsplash-scaled.jpg\" alt=\"\" class=\"wp-image-17564\"\/><figcaption>Il Granduca Pietro Leopoldo di Lorena fece costruire le Terme Leopoldine nel Settecento. Credit: Gulzada Bektemirova \/ Unsplash<\/figcaption><\/figure>\n\n\n\n<figure class=\"wp-block-image size-large\"><img decoding=\"async\" data-id=\"17571\" src=\"https:\/\/www.omio.it\/window-seat\/wp-content\/uploads\/2022\/04\/10_Montecatini_Terme_eyeem-100033628-143151775-scaled.jpg\" alt=\"\" class=\"wp-image-17571\"\/><figcaption>Le Terme Leopoldine sono ancora in funzione oggi e offrono acque curative. Credit: EyeEm<\/figcaption><\/figure>\n<\/figure>\n\n\n\n<p><strong>Spa, Belgio<\/strong><br>Il nome stesso di questa citt\u00e0 dice tutto. <a href=\"https:\/\/www.omio.it\/viaggi\/spa?utm_source=omio-magazine&amp;utm_medium=magazine&amp;utm_campaign=February%20&amp;utm_content=Unescospa&amp;utm_term=IT_Spa\" target=\"_blank\" rel=\"noreferrer noopener\">Spa<\/a> \u00e8 un tranquillo rifugio nelle Ardenne, a lungo meta prediletta dagli abitanti della zona ma spesso ignorata dagli stranieri. Tutto ci\u00f2 potrebbe cambiare quest&#8217;anno poich\u00e9 il benessere diventa sempre pi\u00f9 una priorit\u00e0. Per tutti.<\/p>\n\n\n<div id=\"search-widget-overlay\" class=\"search-widget-overlay\">\r\n  <div class=\"search-widget-overlay__form\" data-search-widget-container>\r\n    <div class=\"search-widget-overlay__details\">\r\n      <button class=\"search-widget-overlay__close\" data-search-widget-close>\r\n        \u2715\r\n      <\/button>\r\n      <div class=\"search-widget-overlay__text\">\r\n        Spa      <\/div>\r\n    <\/div>\r\n\r\n  <\/div>\r\n<\/div>\r\n\r\n<div class=\"search-widget-cta\">\r\n  <button class=\"search-widget-cta__button\" data-search-widget-cta>\r\n    Viaggia a Spa  <\/button>\r\n<\/div>\n\n\n<p>Le origini terapeutiche della citt\u00e0 sono &#8211; avete indovinato &#8211; romane, con il filosofo Plinio il Vecchio che gi\u00e0 ne elogiava le acque curative nel I secolo d.C. La nobilt\u00e0 europea (grazie a Pietro il Grande) si rivers\u00f2 nella citt\u00e0 dell&#8217;Art Nouveau nel XVIII secolo, ma la sua popolarit\u00e0 come localit\u00e0 di villeggiatura diminu\u00ec presto a favore delle pi\u00f9 note Baden Baden e Vichy.<\/p>\n\n\n\n<p>Prendi la funicolare per Les Thermes Spa, un moderno complesso con piscine sia interne che all&#8217;aperto, saune e bagni turchi. Immergiti in acque ricche di ferro in una vasca da bagno di rame, mentre fuori ammiri la foresta verdeggiante e rigogliosa della Vallonia. Lo stress e l&#8217;ipertensione si scioglieranno, mentre la pelle ringiovanisce.<\/p>\n\n\n\n<p><strong>Dove soggiornare: Manoir de L\u00e9bioles<\/strong><br>Un tempo sontuoso maniero, questo hotel vanta molti lussi, dal centro benessere ai letti a baldacchino, ai caminetti in ogni camera.<\/p>\n\n\n\n<figure class=\"wp-block-gallery has-nested-images columns-default wp-block-gallery-5 is-layout-flex wp-block-gallery-is-layout-flex\">\n<figure class=\"wp-block-image size-large\"><img decoding=\"async\" data-id=\"17580\" src=\"https:\/\/www.omio.it\/window-seat\/wp-content\/uploads\/2022\/04\/11_Thermes_de_Spa-scaled.jpg\" alt=\"\" class=\"wp-image-17580\"\/><figcaption>Les Thermes Spa \u00e8 un moderno complesso immerso nel bosco raggiungibile con la funicolare. Credit: Les Thermes Spa<\/figcaption><\/figure>\n\n\n\n<figure class=\"wp-block-image size-large\"><img decoding=\"async\" data-id=\"17586\" src=\"https:\/\/www.omio.it\/window-seat\/wp-content\/uploads\/2022\/04\/12_Thermes_de_Spa_2-scaled.jpg\" alt=\"\" class=\"wp-image-17586\"\/><figcaption>In queste terme bucoliche, puoi immergerti in acque ricche di ferro. <br>Credit: Les Thermes Spa<\/figcaption><\/figure>\n<\/figure>\n\n\n\n<p><strong>Vichy, Francia<\/strong><br>Vichy, la &#8220;regina delle citt\u00e0 termali&#8221;, evoca immediatamente immagini di benessere: dopo tutto, le acque di Vichy sono uno dei trattamenti pi\u00f9 terapeutici. Gli appassionati di storia militare riconosceranno l&#8217;importanza di questo luogo anche come quartier generale del controverso governo di Vichy negli anni &#8217;30 e &#8217;40. Tuttavia, questa citt\u00e0 dell&#8217;Alvernia, tre ore a sud di Parigi, si distingue oggi per la sua radicata importanza nell&#8217;industria del benessere. I romani crearono qui una versione antica di un bagno turco che poi, nel XVIII secolo, il dottor Jacques-Francois Chomel rimodern\u00f2. Un secolo dopo, l&#8217;imperatore Luigi Napoleone III proclam\u00f2 Vichy la pi\u00f9 importante citt\u00e0 termale d&#8217;Europa, nel tentativo di superare i tedeschi.<\/p>\n\n\n<div id=\"search-widget-overlay\" class=\"search-widget-overlay\">\r\n  <div class=\"search-widget-overlay__form\" data-search-widget-container>\r\n    <div class=\"search-widget-overlay__details\">\r\n      <button class=\"search-widget-overlay__close\" data-search-widget-close>\r\n        \u2715\r\n      <\/button>\r\n      <div class=\"search-widget-overlay__text\">\r\n        Vichy      <\/div>\r\n    <\/div>\r\n\r\n  <\/div>\r\n<\/div>\r\n\r\n<div class=\"search-widget-cta\">\r\n  <button class=\"search-widget-cta__button\" data-search-widget-cta>\r\n    Viaggia a Vichy  <\/button>\r\n<\/div>\n\n\n<p>Inizia il tuo viaggio di benessere al Parc des Sources, un ampio spazio verde creato da Napoleone III. Passeggia sotto i castagni mentre ammiri gli edifici in stile Art Nouveau. Presso la storica Halls des Source, una struttura in vetro e ferro costruita nel 1903, incontrerai abitanti del posto che si affollano per bere da sei sorgenti, tutte con poteri terapeutici. Concediti una delle altre cure, mirate ad alleviare i disturbi digestivi e circolatori.<\/p>\n\n\n\n<p><strong>Dove soggiornare: H\u00f4tel de Grignan<\/strong><br>A pochi passi dai bagni termali, questo hotel di lusso dispone di un centro benessere completo di hammam, nonch\u00e9 di camere moderne con mobili in pelle trapuntata e vasche idromassaggio.<\/p>\n\n\n\n<figure class=\"wp-block-gallery has-nested-images columns-default is-cropped wp-block-gallery-6 is-layout-flex wp-block-gallery-is-layout-flex\">\n<figure class=\"wp-block-image size-large\"><img decoding=\"async\" data-id=\"17594\" src=\"https:\/\/www.omio.it\/window-seat\/wp-content\/uploads\/2022\/04\/13_EditorialOnly_Vichy_Celestins_Source_Mineral_Water_shutterstock_1820210987-scaled.jpg\" alt=\"\" class=\"wp-image-17594\"\/><figcaption>Vichy \u00e8 considerata la &#8220;regina delle citt\u00e0 termali&#8221;, a lungo meta prediletta dell&#8217;aristocrazia europea. Credit: Shutterstock<\/figcaption><\/figure>\n\n\n\n<figure class=\"wp-block-image size-large\"><img decoding=\"async\" data-id=\"17600\" src=\"https:\/\/www.omio.it\/window-seat\/wp-content\/uploads\/2022\/04\/14_Vichy_Thermal_Pump_Room_shutterstock_711027667-scaled.jpg\" alt=\"\" class=\"wp-image-17600\"\/><figcaption>I visitatori affollano le Halls des Source, dove si trovano fontane con acque terapeutiche della regione. Credit: Shutterstock<\/figcaption><\/figure>\n<\/figure>\n","protected":false},"excerpt":{"rendered":"<p>In giro per il mondo si trovano molti stabilimenti termali. Concedersi un giorno in una SPA \u00e8 un bel regalo quando lavori per tante ore ma, per ringiovanire davvero, ti consigliamo una sosta in una di queste cinque citt\u00e0 storiche, parte dei grandi stabilimenti termali patrimonio dell\u2019UNESCO. \u00c8 il modo ideale per disintossicarsi dallo stress&hellip; <a class=\"more-link\" href=\"https:\/\/www.omio.it\/window-seat\/it\/cultura-stili-di-vita\/terme-storiche-in-europa-da-baden-baden-a-vichy\/\">Continue reading <span class=\"screen-reader-text\">Terme storiche in Europa: da Baden Baden a Vichy<\/span><\/a><\/p>\n","protected":false},"author":6,"featured_media":9831,"comment_status":"open","ping_status":"open","sticky":false,"template":"","format":"standard","meta":{"_acf_changed":false,"inline_featured_image":false,"footnotes":""},"categories":[1992,1988],"tags":[],"position_ids":[],"class_list":["post-28177","post","type-post","status-publish","format-standard","has-post-thumbnail","hentry","category-benessere","category-cultura-stili-di-vita","entry"],"acf":[],"yoast_head":"<!-- This site is optimized with the Yoast SEO plugin v24.9 - https:\/\/yoast.com\/wordpress\/plugins\/seo\/ -->\n<title>Terme storiche in Europa: da Baden Baden a Vichy<\/title>\n<meta name=\"description\" content=\"Terme storiche in Europa: da Baden Baden a Vichy. Rilassati e ringiovanisci in queste citt\u00e0 del benessere patrimonio mondiale dell&#039;UNESCO\" \/>\n<meta name=\"robots\" content=\"index, follow, max-snippet:-1, max-image-preview:large, max-video-preview:-1\" \/>\n<link rel=\"canonical\" href=\"https:\/\/www.omio.it\/window-seat\/cultura-stili-di-vita\/terme-storiche-in-europa-da-baden-baden-a-vichy\/\" \/>\n<meta property=\"og:locale\" content=\"en_US\" \/>\n<meta property=\"og:type\" content=\"article\" \/>\n<meta property=\"og:title\" content=\"Terme storiche in Europa: da Baden Baden a Vichy\" \/>\n<meta property=\"og:description\" content=\"Terme storiche in Europa: da Baden Baden a Vichy. Rilassati e ringiovanisci in queste citt\u00e0 del benessere patrimonio mondiale dell&#039;UNESCO\" \/>\n<meta property=\"og:url\" content=\"https:\/\/www.omio.it\/window-seat\/it\/cultura-stili-di-vita\/terme-storiche-in-europa-da-baden-baden-a-vichy\/\" \/>\n<meta property=\"og:site_name\" content=\"The Window Seat\" \/>\n<meta property=\"article:published_time\" content=\"2021-02-01T00:00:00+00:00\" \/>\n<meta property=\"article:modified_time\" content=\"2022-08-04T09:20:07+00:00\" \/>\n<meta property=\"og:image\" content=\"https:\/\/www.omio.it\/window-seat\/wp-content\/uploads\/2022\/04\/1_Vichy_shutterstock_708187483-scaled.jpg\" \/>\n\t<meta property=\"og:image:width\" content=\"2560\" \/>\n\t<meta property=\"og:image:height\" content=\"1709\" \/>\n\t<meta property=\"og:image:type\" content=\"image\/jpeg\" \/>\n<meta name=\"author\" content=\"Shandana A. Durrani\" \/>\n<meta name=\"twitter:card\" content=\"summary_large_image\" \/>\n<meta name=\"twitter:label1\" content=\"Written by\" \/>\n\t<meta name=\"twitter:data1\" content=\"Shandana A. Durrani\" \/>\n\t<meta name=\"twitter:label2\" content=\"Est. reading time\" \/>\n\t<meta name=\"twitter:data2\" content=\"6 minutes\" \/>\n<script type=\"application\/ld+json\" class=\"yoast-schema-graph\">{\"@context\":\"https:\/\/schema.org\",\"@graph\":[{\"@type\":\"WebPage\",\"@id\":\"https:\/\/www.omio.it\/window-seat\/it\/cultura-stili-di-vita\/terme-storiche-in-europa-da-baden-baden-a-vichy\/\",\"url\":\"https:\/\/www.omio.it\/window-seat\/it\/cultura-stili-di-vita\/terme-storiche-in-europa-da-baden-baden-a-vichy\/\",\"name\":\"Terme storiche in Europa: da Baden Baden a Vichy\",\"isPartOf\":{\"@id\":\"https:\/\/www.omio.it\/window-seat\/#website\"},\"primaryImageOfPage\":{\"@id\":\"https:\/\/www.omio.it\/window-seat\/it\/cultura-stili-di-vita\/terme-storiche-in-europa-da-baden-baden-a-vichy\/#primaryimage\"},\"image\":{\"@id\":\"https:\/\/www.omio.it\/window-seat\/it\/cultura-stili-di-vita\/terme-storiche-in-europa-da-baden-baden-a-vichy\/#primaryimage\"},\"thumbnailUrl\":\"https:\/\/www.omio.it\/window-seat\/wp-content\/uploads\/2022\/04\/1_Vichy_shutterstock_708187483-scaled.jpg\",\"datePublished\":\"2021-02-01T00:00:00+00:00\",\"dateModified\":\"2022-08-04T09:20:07+00:00\",\"author\":{\"@id\":\"https:\/\/www.omio.it\/window-seat\/#\/schema\/person\/81210fb35284060e7a6c47d3af159bf5\"},\"description\":\"Terme storiche in Europa: da Baden Baden a Vichy. Rilassati e ringiovanisci in queste citt\u00e0 del benessere patrimonio mondiale dell'UNESCO\",\"breadcrumb\":{\"@id\":\"https:\/\/www.omio.it\/window-seat\/it\/cultura-stili-di-vita\/terme-storiche-in-europa-da-baden-baden-a-vichy\/#breadcrumb\"},\"inLanguage\":\"en-US\",\"potentialAction\":[{\"@type\":\"ReadAction\",\"target\":[\"https:\/\/www.omio.it\/window-seat\/it\/cultura-stili-di-vita\/terme-storiche-in-europa-da-baden-baden-a-vichy\/\"]}]},{\"@type\":\"ImageObject\",\"inLanguage\":\"en-US\",\"@id\":\"https:\/\/www.omio.it\/window-seat\/it\/cultura-stili-di-vita\/terme-storiche-in-europa-da-baden-baden-a-vichy\/#primaryimage\",\"url\":\"https:\/\/www.omio.it\/window-seat\/wp-content\/uploads\/2022\/04\/1_Vichy_shutterstock_708187483-scaled.jpg\",\"contentUrl\":\"https:\/\/www.omio.it\/window-seat\/wp-content\/uploads\/2022\/04\/1_Vichy_shutterstock_708187483-scaled.jpg\",\"width\":2560,\"height\":1709,\"caption\":\"Reinvigorate your body and soul at one of 15 UNESCO historic spa towns. Credit: Shutterstock\"},{\"@type\":\"BreadcrumbList\",\"@id\":\"https:\/\/www.omio.it\/window-seat\/it\/cultura-stili-di-vita\/terme-storiche-in-europa-da-baden-baden-a-vichy\/#breadcrumb\",\"itemListElement\":[{\"@type\":\"ListItem\",\"position\":1,\"name\":\"The Window Seat\",\"item\":\"https:\/\/www.omio.it\/window-seat\/\"},{\"@type\":\"ListItem\",\"position\":2,\"name\":\"Culture &amp; Lifestyle\",\"item\":\"https:\/\/www.omio.it\/window-seat\/culture-lifestyle\/\"},{\"@type\":\"ListItem\",\"position\":3,\"name\":\"Wellness\",\"item\":\"https:\/\/www.omio.it\/window-seat\/culture-lifestyle\/wellness\/\"},{\"@type\":\"ListItem\",\"position\":4,\"name\":\"Terme storiche in Europa: da Baden Baden a Vichy\"}]},{\"@type\":\"WebSite\",\"@id\":\"https:\/\/www.omio.it\/window-seat\/#website\",\"url\":\"https:\/\/www.omio.it\/window-seat\/\",\"name\":\"The Window Seat\",\"description\":\"\",\"potentialAction\":[{\"@type\":\"SearchAction\",\"target\":{\"@type\":\"EntryPoint\",\"urlTemplate\":\"https:\/\/www.omio.it\/window-seat\/?s={search_term_string}\"},\"query-input\":{\"@type\":\"PropertyValueSpecification\",\"valueRequired\":true,\"valueName\":\"search_term_string\"}}],\"inLanguage\":\"en-US\"},{\"@type\":\"Person\",\"@id\":\"https:\/\/www.omio.it\/window-seat\/#\/schema\/person\/81210fb35284060e7a6c47d3af159bf5\",\"name\":\"Shandana A. Durrani\",\"image\":{\"@type\":\"ImageObject\",\"inLanguage\":\"en-US\",\"@id\":\"https:\/\/www.omio.it\/window-seat\/#\/schema\/person\/image\/\",\"url\":\"https:\/\/secure.gravatar.com\/avatar\/476113e9842659b58c1663ada1d6b2f26e3e82e6dc8cc78268a787224b92d765?s=96&d=mm&r=g\",\"contentUrl\":\"https:\/\/secure.gravatar.com\/avatar\/476113e9842659b58c1663ada1d6b2f26e3e82e6dc8cc78268a787224b92d765?s=96&d=mm&r=g\",\"caption\":\"Shandana A. Durrani\"}}]}<\/script>\n<!-- \/ Yoast SEO plugin. -->","yoast_head_json":{"title":"Terme storiche in Europa: da Baden Baden a Vichy","description":"Terme storiche in Europa: da Baden Baden a Vichy. Rilassati e ringiovanisci in queste citt\u00e0 del benessere patrimonio mondiale dell'UNESCO","robots":{"index":"index","follow":"follow","max-snippet":"max-snippet:-1","max-image-preview":"max-image-preview:large","max-video-preview":"max-video-preview:-1"},"canonical":"https:\/\/www.omio.it\/window-seat\/cultura-stili-di-vita\/terme-storiche-in-europa-da-baden-baden-a-vichy\/","og_locale":"en_US","og_type":"article","og_title":"Terme storiche in Europa: da Baden Baden a Vichy","og_description":"Terme storiche in Europa: da Baden Baden a Vichy. Rilassati e ringiovanisci in queste citt\u00e0 del benessere patrimonio mondiale dell'UNESCO","og_url":"https:\/\/www.omio.it\/window-seat\/it\/cultura-stili-di-vita\/terme-storiche-in-europa-da-baden-baden-a-vichy\/","og_site_name":"The Window Seat","article_published_time":"2021-02-01T00:00:00+00:00","article_modified_time":"2022-08-04T09:20:07+00:00","og_image":[{"width":2560,"height":1709,"url":"https:\/\/www.omio.it\/window-seat\/wp-content\/uploads\/2022\/04\/1_Vichy_shutterstock_708187483-scaled.jpg","type":"image\/jpeg"}],"author":"Shandana A. Durrani","twitter_card":"summary_large_image","twitter_misc":{"Written by":"Shandana A. Durrani","Est. reading time":"6 minutes"},"schema":{"@context":"https:\/\/schema.org","@graph":[{"@type":"WebPage","@id":"https:\/\/www.omio.it\/window-seat\/it\/cultura-stili-di-vita\/terme-storiche-in-europa-da-baden-baden-a-vichy\/","url":"https:\/\/www.omio.it\/window-seat\/it\/cultura-stili-di-vita\/terme-storiche-in-europa-da-baden-baden-a-vichy\/","name":"Terme storiche in Europa: da Baden Baden a Vichy","isPartOf":{"@id":"https:\/\/www.omio.it\/window-seat\/#website"},"primaryImageOfPage":{"@id":"https:\/\/www.omio.it\/window-seat\/it\/cultura-stili-di-vita\/terme-storiche-in-europa-da-baden-baden-a-vichy\/#primaryimage"},"image":{"@id":"https:\/\/www.omio.it\/window-seat\/it\/cultura-stili-di-vita\/terme-storiche-in-europa-da-baden-baden-a-vichy\/#primaryimage"},"thumbnailUrl":"https:\/\/www.omio.it\/window-seat\/wp-content\/uploads\/2022\/04\/1_Vichy_shutterstock_708187483-scaled.jpg","datePublished":"2021-02-01T00:00:00+00:00","dateModified":"2022-08-04T09:20:07+00:00","author":{"@id":"https:\/\/www.omio.it\/window-seat\/#\/schema\/person\/81210fb35284060e7a6c47d3af159bf5"},"description":"Terme storiche in Europa: da Baden Baden a Vichy. Rilassati e ringiovanisci in queste citt\u00e0 del benessere patrimonio mondiale dell'UNESCO","breadcrumb":{"@id":"https:\/\/www.omio.it\/window-seat\/it\/cultura-stili-di-vita\/terme-storiche-in-europa-da-baden-baden-a-vichy\/#breadcrumb"},"inLanguage":"en-US","potentialAction":[{"@type":"ReadAction","target":["https:\/\/www.omio.it\/window-seat\/it\/cultura-stili-di-vita\/terme-storiche-in-europa-da-baden-baden-a-vichy\/"]}]},{"@type":"ImageObject","inLanguage":"en-US","@id":"https:\/\/www.omio.it\/window-seat\/it\/cultura-stili-di-vita\/terme-storiche-in-europa-da-baden-baden-a-vichy\/#primaryimage","url":"https:\/\/www.omio.it\/window-seat\/wp-content\/uploads\/2022\/04\/1_Vichy_shutterstock_708187483-scaled.jpg","contentUrl":"https:\/\/www.omio.it\/window-seat\/wp-content\/uploads\/2022\/04\/1_Vichy_shutterstock_708187483-scaled.jpg","width":2560,"height":1709,"caption":"Reinvigorate your body and soul at one of 15 UNESCO historic spa towns. Credit: Shutterstock"},{"@type":"BreadcrumbList","@id":"https:\/\/www.omio.it\/window-seat\/it\/cultura-stili-di-vita\/terme-storiche-in-europa-da-baden-baden-a-vichy\/#breadcrumb","itemListElement":[{"@type":"ListItem","position":1,"name":"The Window Seat","item":"https:\/\/www.omio.it\/window-seat\/"},{"@type":"ListItem","position":2,"name":"Culture &amp; Lifestyle","item":"https:\/\/www.omio.it\/window-seat\/culture-lifestyle\/"},{"@type":"ListItem","position":3,"name":"Wellness","item":"https:\/\/www.omio.it\/window-seat\/culture-lifestyle\/wellness\/"},{"@type":"ListItem","position":4,"name":"Terme storiche in Europa: da Baden Baden a Vichy"}]},{"@type":"WebSite","@id":"https:\/\/www.omio.it\/window-seat\/#website","url":"https:\/\/www.omio.it\/window-seat\/","name":"The Window Seat","description":"","potentialAction":[{"@type":"SearchAction","target":{"@type":"EntryPoint","urlTemplate":"https:\/\/www.omio.it\/window-seat\/?s={search_term_string}"},"query-input":{"@type":"PropertyValueSpecification","valueRequired":true,"valueName":"search_term_string"}}],"inLanguage":"en-US"},{"@type":"Person","@id":"https:\/\/www.omio.it\/window-seat\/#\/schema\/person\/81210fb35284060e7a6c47d3af159bf5","name":"Shandana A. Durrani","image":{"@type":"ImageObject","inLanguage":"en-US","@id":"https:\/\/www.omio.it\/window-seat\/#\/schema\/person\/image\/","url":"https:\/\/secure.gravatar.com\/avatar\/476113e9842659b58c1663ada1d6b2f26e3e82e6dc8cc78268a787224b92d765?s=96&d=mm&r=g","contentUrl":"https:\/\/secure.gravatar.com\/avatar\/476113e9842659b58c1663ada1d6b2f26e3e82e6dc8cc78268a787224b92d765?s=96&d=mm&r=g","caption":"Shandana A. Durrani"}}]}},"_links":{"self":[{"href":"https:\/\/www.omio.it\/window-seat\/wp-json\/wp\/v2\/posts\/28177","targetHints":{"allow":["GET"]}}],"collection":[{"href":"https:\/\/www.omio.it\/window-seat\/wp-json\/wp\/v2\/posts"}],"about":[{"href":"https:\/\/www.omio.it\/window-seat\/wp-json\/wp\/v2\/types\/post"}],"author":[{"embeddable":true,"href":"https:\/\/www.omio.it\/window-seat\/wp-json\/wp\/v2\/users\/6"}],"replies":[{"embeddable":true,"href":"https:\/\/www.omio.it\/window-seat\/wp-json\/wp\/v2\/comments?post=28177"}],"version-history":[{"count":3,"href":"https:\/\/www.omio.it\/window-seat\/wp-json\/wp\/v2\/posts\/28177\/revisions"}],"predecessor-version":[{"id":41918,"href":"https:\/\/www.omio.it\/window-seat\/wp-json\/wp\/v2\/posts\/28177\/revisions\/41918"}],"wp:featuredmedia":[{"embeddable":true,"href":"https:\/\/www.omio.it\/window-seat\/wp-json\/wp\/v2\/media\/9831"}],"wp:attachment":[{"href":"https:\/\/www.omio.it\/window-seat\/wp-json\/wp\/v2\/media?parent=28177"}],"wp:term":[{"taxonomy":"category","embeddable":true,"href":"https:\/\/www.omio.it\/window-seat\/wp-json\/wp\/v2\/categories?post=28177"},{"taxonomy":"post_tag","embeddable":true,"href":"https:\/\/www.omio.it\/window-seat\/wp-json\/wp\/v2\/tags?post=28177"},{"taxonomy":"position_id","embeddable":true,"href":"https:\/\/www.omio.it\/window-seat\/wp-json\/wp\/v2\/position_ids?post=28177"}],"curies":[{"name":"wp","href":"https:\/\/api.w.org\/{rel}","templated":true}]}}