{"id":28194,"date":"2021-05-01T00:00:00","date_gmt":"2021-05-01T00:00:00","guid":{"rendered":"http:\/\/www.omio.it\/window-seat\/non-categorizzato\/musei-famosi-per-la-loro-architettura"},"modified":"2022-08-04T09:20:44","modified_gmt":"2022-08-04T09:20:44","slug":"musei-famosi-per-la-loro-architettura","status":"publish","type":"post","link":"https:\/\/www.omio.it\/window-seat\/it\/storia-arte\/musei-famosi-per-la-loro-architettura\/","title":{"rendered":"Musei famosi per la loro architettura"},"content":{"rendered":"\n<p>Di solito non giudichiamo un libro dalla copertina, ma quando si tratta di musei, non \u00e8 solo ci\u00f2 che c&#8217;\u00e8 dentro a meravigliarci, ma anche ci\u00f2 che c&#8217;\u00e8 fuori.<\/p>\n\n\n\n<p>La bellezza pu\u00f2 venire dall&#8217;interno, ma questi cinque edifici progettati ad arte sono diventati attrazioni in se stessi e a tutti gli effetti, vantando facciate spettacolari al pari dell&#8217;arte esposta al loro interno. Quindi, siediti, rilassati e fai un tour nei musei d&#8217;arte pi\u00f9 chic d&#8217;Europa.<\/p>\n\n\n\n<h3 class=\"wp-block-heading\"><strong>Vitra Design Museum, Weil am Rhein, <\/strong><a href=\"https:\/\/www.omio.it\/viaggi\/germania?utm_source=omio-magazine&amp;utm_medium=magazine&amp;utm_campaign=&amp;utm_content=&amp;utm_term=IT_Germania#\" target=\"_blank\" rel=\"noreferrer noopener\"><strong>Germania<\/strong><\/a><\/h3>\n\n\n\n<p>Iniziamo il nostro tour artistico nella piccola citt\u00e0 tedesca di Weil am Rhein, al Vitra Design Museum. L&#8217;architetto americano Frank Gehry ha creato questo accattivante lavoro di decostruttivismo nel 1989. La dinamica facciata in gesso bianco vanta un mix espressivo di volumi cubici, torri e rampe che rispecchiano la funzionalit\u00e0 interna. Dentro troverai quattro grandi gallerie espositive dedicate al design e all&#8217;architettura e al rapporto tra l&#8217;arte e la cultura quotidiana, nonch\u00e9 mostre a tema. Il museo, di fama internazionale, vanta opere di molte celebrit\u00e0 nel mondo dell\u2019architettura contemporanea tra cui il compianto Zaha Hadid e Herzog &amp; de Meuron.<\/p>\n\n\n\n<p>Gli appassionati possono prenotare un approfondito tour architettonico di due ore intorno al museo, al Vitra Campus e nei suoi dintorni. La visita include una stazione di servizio di Jean Prouv\u00e9 e la Vitra Slide Tower dell&#8217;artista Carsten H\u00f6ller. Quest&#8217;ultima offre ai visitatori una vista spettacolare completa di un lungo tubo a scivolo dal quale si pu\u00f2 effettuare l\u2019uscita.<\/p>\n\n\n<div id=\"search-widget-overlay\" class=\"search-widget-overlay\">\r\n  <div class=\"search-widget-overlay__form\" data-search-widget-container>\r\n    <div class=\"search-widget-overlay__details\">\r\n      <button class=\"search-widget-overlay__close\" data-search-widget-close>\r\n        \u2715\r\n      <\/button>\r\n      <div class=\"search-widget-overlay__text\">\r\n        Weil am Rhein      <\/div>\r\n    <\/div>\r\n\r\n  <\/div>\r\n<\/div>\r\n\r\n<div class=\"search-widget-cta\">\r\n  <button class=\"search-widget-cta__button\" data-search-widget-cta>\r\n    Viaggia a Weil am Rhein  <\/button>\r\n<\/div>\n\n\n<figure class=\"wp-block-gallery has-nested-images columns-default is-cropped wp-block-gallery-1 is-layout-flex wp-block-gallery-is-layout-flex\">\n<figure class=\"wp-block-image size-large\"><img decoding=\"async\" data-id=\"21289\" src=\"https:\/\/www.omio.it\/window-seat\/wp-content\/uploads\/2022\/04\/01_Vitra_Design_Museum_photo_Bettina_Matthiessen-scaled.jpg\" alt=\"\" class=\"wp-image-21289\"\/><figcaption>Poesia in movimento: le forme cubiche espressive al Vitra Design Museum di Weil am Rhein, Germania, sembrano quasi animarsi. Credit: Bettina Matthiesen&nbsp;<\/figcaption><\/figure>\n<\/figure>\n\n\n\n<figure class=\"wp-block-gallery has-nested-images columns-default is-cropped wp-block-gallery-2 is-layout-flex wp-block-gallery-is-layout-flex\">\n<figure class=\"wp-block-image size-large\"><img decoding=\"async\" data-id=\"21302\" src=\"https:\/\/www.omio.it\/window-seat\/wp-content\/uploads\/2022\/04\/05_Vitra-Design-Museum_-Frank-Gehry_-1989-1-scaled.jpg\" alt=\"\" class=\"wp-image-21302\"\/><figcaption>Le forme geometriche fanno sembrare il primo progetto europeo di Frank Gehry un gioco con cui divertirsi. Credit: Thomas Dix<\/figcaption><\/figure>\n\n\n\n<figure class=\"wp-block-image size-large\"><img decoding=\"async\" data-id=\"21681\" src=\"https:\/\/www.omio.it\/window-seat\/wp-content\/uploads\/2022\/04\/16_AnEamesCelebration_installation-view_Copyright_VitraDesignMuseum_Mark-Niedermann-1-4-scaled.jpg\" alt=\"\" class=\"wp-image-21681\"\/><figcaption>L&#8217;esterno giocoso si rispecchia nella funzionalit\u00e0 interna dell&#8217;edificio. <br>Credit: Mark Niedermann<\/figcaption><\/figure>\n<\/figure>\n\n\n\n<h3 class=\"wp-block-heading\"><strong>Louisiana Museum of Modern Art, Humlebaek, Danimarca<\/strong><\/h3>\n\n\n\n<p>Al Louisiana Museum of Modern Art di Humlebaek, in Danimarca, situato sulla costa vicino a <a href=\"https:\/\/www.omio.it\/window-seat\/issue\/ibernazione\/72-ore-a-copenaghen\/\" target=\"_blank\" rel=\"noreferrer noopener\">Copenaghen<\/a>, architettura e natura vanno di pari passo. Grazie agli architetti J\u00f8rgen Bo e Vilhelm Wohlert, il discreto design modernista danese del museo si fonde armoniosamente con il paesaggio. Wohlert si \u00e8 ispirato al periodo in cui studiava a Berkeley, in California, e agli edifici intorno alla baia di San Francisco, mentre Bo ha fatto tesoro della semplicit\u00e0 tipica dell&#8217;architettura giapponese. Il duo ha inoltre sviluppato ampi pannelli in vetro che migliorano la luce e l&#8217;ambiente. Guarda fuori dall&#8217;ala nord in una giornata limpida, riuscirai a vedere la Svezia!<\/p>\n\n\n\n<p>Il museo, che ha aperto le sue porte nel 1958, originariamente ospitava solo arte danese, ma oggi vanta sette estensioni e ha ospitato mostre di Jackson Pollock, Henry Moore e Arne Jacobsen, solo per citarne alcuni, cosa che ad oggi rende il museo una meta internazionale per l\u2019arte moderna e contemporanea.<\/p>\n\n\n<div id=\"search-widget-overlay\" class=\"search-widget-overlay\">\r\n  <div class=\"search-widget-overlay__form\" data-search-widget-container>\r\n    <div class=\"search-widget-overlay__details\">\r\n      <button class=\"search-widget-overlay__close\" data-search-widget-close>\r\n        \u2715\r\n      <\/button>\r\n      <div class=\"search-widget-overlay__text\">\r\n        Weil am Rhein      <\/div>\r\n    <\/div>\r\n\r\n  <\/div>\r\n<\/div>\r\n\r\n<div class=\"search-widget-cta\">\r\n  <button class=\"search-widget-cta__button\" data-search-widget-cta>\r\n    Viaggia a Humlebaek  <\/button>\r\n<\/div>\n\n\n<figure class=\"wp-block-gallery has-nested-images columns-default is-cropped wp-block-gallery-3 is-layout-flex wp-block-gallery-is-layout-flex\">\n<figure class=\"wp-block-image size-large\"><img decoding=\"async\" data-id=\"21315\" src=\"https:\/\/www.omio.it\/window-seat\/wp-content\/uploads\/2022\/04\/KIM_Giacometti_HDR-scaled.jpg\" alt=\"\" class=\"wp-image-21315\"\/><figcaption>La Galleria Giacometti, nell&#8217;ala nord del Louisiana Museum of Modern Art, ospita una grande collezione di sculture originali. Credit: Kim Hansen<\/figcaption><\/figure>\n\n\n\n<figure class=\"wp-block-image size-large\"><img decoding=\"async\" data-id=\"21321\" src=\"https:\/\/www.omio.it\/window-seat\/wp-content\/uploads\/2022\/04\/3767_Not_Vital_x_KIM4212-Edit-scaled.jpg\" alt=\"\" class=\"wp-image-21321\"\/><figcaption>Lo Sculpture Park vanta 60 opere d&#8217;arte, tra cui quella dell&#8217;artista svizzero Not Vital, <em>House to Watch the Sunset<\/em>. Credit: Kim Hansen&nbsp;<\/figcaption><\/figure>\n<\/figure>\n\n\n\n<h3 class=\"wp-block-heading\"><strong>Museo Guggenheim, Bilbao, Spagna<\/strong><\/h3>\n\n\n\n<p>La struttura espressionista e scultorea del Guggenheim di Bilbao ha ridefinito il paesaggio urbano e rivitalizzato il suo lungofiume sin dalla sua apertura nel 1997, dando il via alla rinascita della <a href=\"https:\/\/www.omio.it\/window-seat\/guide-delle-citta\/bilbao\/\" target=\"_blank\" rel=\"noreferrer noopener\">citt\u00e0 basca<\/a>. Il capolavoro colosso di Frank Gehry (24.000 metri quadrati) \u00e8 stato definito uno degli esempi pi\u00f9 influenti e rivoluzionari dell&#8217;architettura del XX secolo, grazie al suo esterno futuristico in titanio e alle sue forme fluide e senza precedenti.<\/p>\n\n\n\n<p>Grandi cortine di vetro collegano interno ed esterno, giocando magistralmente con la luce del giorno sull&#8217;edificio curvilineo, che sembra contorcersi verso il cielo. Il museo vanta 20 sale espositive collegate tra loro su tre livelli, che ospitano arte moderna e contemporanea. Troverai imponenti opere permanenti di Jeff Koons e Richard Serra, nonch\u00e9 dipinti di Jean-Michel Basquiat, Andy Warhol e di altri artisti locali.<\/p>\n\n\n<div id=\"search-widget-overlay\" class=\"search-widget-overlay\">\r\n  <div class=\"search-widget-overlay__form\" data-search-widget-container>\r\n    <div class=\"search-widget-overlay__details\">\r\n      <button class=\"search-widget-overlay__close\" data-search-widget-close>\r\n        \u2715\r\n      <\/button>\r\n      <div class=\"search-widget-overlay__text\">\r\n        Bilbao      <\/div>\r\n    <\/div>\r\n\r\n  <\/div>\r\n<\/div>\r\n\r\n<div class=\"search-widget-cta\">\r\n  <button class=\"search-widget-cta__button\" data-search-widget-cta>\r\n    Viaggia a Bilbao  <\/button>\r\n<\/div>\n\n\n<figure class=\"wp-block-gallery has-nested-images columns-default wp-block-gallery-4 is-layout-flex wp-block-gallery-is-layout-flex\">\n<figure class=\"wp-block-image size-large\"><img decoding=\"async\" data-id=\"21328\" src=\"https:\/\/www.omio.it\/window-seat\/wp-content\/uploads\/2022\/04\/edoardo-cuoghi-fql-IJc3Jhc-unsplash-scaled.jpg\" alt=\"\" class=\"wp-image-21328\"\/><figcaption>Il titanio \u00e8 stato modellato per dare un effetto a \u201csquama di pesce\u201d al Guggenheim Bilbao. Credit: Edoardo Coughi\/Unsplash<\/figcaption><\/figure>\n\n\n\n<figure class=\"wp-block-image size-large\"><img decoding=\"async\" data-id=\"21334\" src=\"https:\/\/www.omio.it\/window-seat\/wp-content\/uploads\/2022\/04\/elcarito-PXbHVbOa4kE-unsplash-scaled.jpg\" alt=\"\" class=\"wp-image-21334\"\/><figcaption>&#8220;L&#8217;effetto Bilbao&#8221; del capolavoro di Gehry ha avuto un impatto ben oltre i confini della citt\u00e0. Credit: elCarito\/Unsplash<\/figcaption><\/figure>\n<\/figure>\n\n\n\n<h3 class=\"wp-block-heading\"><strong>Fondazione Prada, Milano, Italia<\/strong><\/h3>\n\n\n\n<p>Nata come distilleria di gin all&#8217;inizio del 1900, la Fondazione Prada ha aperto nel 1993 come complesso per l&#8217;arte, l&#8217;architettura e il cinema contemporanei nella zona sud di <a href=\"https:\/\/www.omio.it\/viaggi\/milano?utm_source=omio-magazine&amp;utm_medium=magazine&amp;utm_campaign=May&amp;utm_content=avanguardiat&amp;utm_term=IT_Milano#\" target=\"_blank\" rel=\"noreferrer noopener\">Milano<\/a>. Il progetto \u00e8 stato guidato dall&#8217;architetto olandese Rem Koolhaas di OMA. Al complesso storico sono state aggiunte sezioni moderne, di modo che ora l\u2019intero complesso si compone di sette strutture per una superficie totale di oltre 19.000 metri quadrati.<\/p>\n\n\n\n<p>La fondazione dovrebbe essere vista come una rovina industriale riqualificata, piuttosto che come un museo classico, un luogo in cui l&#8217;arte contemporanea e l&#8217;architettura interagiscono in modo dinamico. Puoi visitare lo studio del regista Jean-Luc Godard o salire sui cinque livelli della torre e visitare le mostre d&#8217;arte. Hai mai sognato di entrare nel magico mondo di Wes Anderson? Visita il Bar Luce, un elegante caff\u00e8 milanese retr\u00f2 decorato in verde vintage, progettato dal regista nel 2015.<\/p>\n\n\n<div id=\"search-widget-overlay\" class=\"search-widget-overlay\">\r\n  <div class=\"search-widget-overlay__form\" data-search-widget-container>\r\n    <div class=\"search-widget-overlay__details\">\r\n      <button class=\"search-widget-overlay__close\" data-search-widget-close>\r\n        \u2715\r\n      <\/button>\r\n      <div class=\"search-widget-overlay__text\">\r\n        Milano      <\/div>\r\n    <\/div>\r\n\r\n  <\/div>\r\n<\/div>\r\n\r\n<div class=\"search-widget-cta\">\r\n  <button class=\"search-widget-cta__button\" data-search-widget-cta>\r\n    Viaggia a Milano  <\/button>\r\n<\/div>\n\n\n<figure class=\"wp-block-image size-full\"><img decoding=\"async\" src=\"https:\/\/www.omio.it\/window-seat\/wp-content\/uploads\/2022\/04\/Fondazione-Prada_Torre_14-scaled.jpg\" alt=\"\" class=\"wp-image-21341\"\/><figcaption>Alla Fondazione Prada, la scintillante \u201chaunted house\u201d d\u00e0 un tocco di colore all&#8217;ex distilleria. Credit: Bas Princen\/Fondazione Prada&nbsp;<\/figcaption><\/figure>\n\n\n\n<h3 class=\"wp-block-heading\"><strong>Centre Pompidou-Metz, Francia<\/strong><\/h3>\n\n\n\n<p>Il Centre Pompidou-Metz, in Francia, \u00e8 stato progettato dall&#8217;architetto giapponese Shigeru Ban nel 2010. Questo innovativo complesso \u00e8 un&#8217;estensione del museo Pompidou di <a href=\"https:\/\/www.omio.it\/viaggi\/parigi?utm_source=omio-magazine&amp;utm_medium=magazine&amp;utm_campaign=May&amp;utm_content=avanguardua_term=IT_Parigi#\" target=\"_blank\" rel=\"noreferrer noopener\">Parigi<\/a> e vanta tre ampie gallerie nella sezione principale e una guglia centrale alta 76 metri. Ban rende omaggio allo stile neo-romanico della citt\u00e0, un tempo occupata dai tedeschi, e utilizza una forma esagonale sulla struttura del tetto in legno per simboleggiare la Francia, prendendo ispirazione anche dai modelli dei cesti cinesi in canna intrecciata . Dalle finestre si possono ammirare immagini da cartolina della cattedrale della citt\u00e0 e del parco Seille.<\/p>\n\n\n<div id=\"search-widget-overlay\" class=\"search-widget-overlay\">\r\n  <div class=\"search-widget-overlay__form\" data-search-widget-container>\r\n    <div class=\"search-widget-overlay__details\">\r\n      <button class=\"search-widget-overlay__close\" data-search-widget-close>\r\n        \u2715\r\n      <\/button>\r\n      <div class=\"search-widget-overlay__text\">\r\n        Metz      <\/div>\r\n    <\/div>\r\n\r\n  <\/div>\r\n<\/div>\r\n\r\n<div class=\"search-widget-cta\">\r\n  <button class=\"search-widget-cta__button\" data-search-widget-cta>\r\n    Viaggia a Metz  <\/button>\r\n<\/div>\n\n\n<figure class=\"wp-block-gallery has-nested-images columns-default wp-block-gallery-5 is-layout-flex wp-block-gallery-is-layout-flex\">\n<figure class=\"wp-block-image size-large\"><img decoding=\"async\" data-id=\"21348\" src=\"https:\/\/www.omio.it\/window-seat\/wp-content\/uploads\/2022\/04\/11-centre_pompidou_metz-vues_cpm-cjacqueline_trichard-28092018-19h30-20h-scaled.jpg\" alt=\"\" class=\"wp-image-21348\"\/><figcaption>Shigeru Ban si \u00e8 ispirato ai modelli asiatici nella costruzione del soffitto. <br>Credit: Jacqueline Trichard<\/figcaption><\/figure>\n\n\n\n<figure class=\"wp-block-image size-large\"><img decoding=\"async\" data-id=\"21354\" src=\"https:\/\/www.omio.it\/window-seat\/wp-content\/uploads\/2022\/04\/23-centre_pompidou-metz-cjacqueline_trichard-29072020-2154-1-scaled.jpg\" alt=\"\" class=\"wp-image-21354\"\/><figcaption>Il tetto dalla forma unica accoglie al centro gli amanti dell&#8217;arte. <br>Credit: Jacqueline Trichard<\/figcaption><\/figure>\n<\/figure>\n","protected":false},"excerpt":{"rendered":"<p>Di solito non giudichiamo un libro dalla copertina, ma quando si tratta di musei, non \u00e8 solo ci\u00f2 che c&#8217;\u00e8 dentro a meravigliarci, ma anche ci\u00f2 che c&#8217;\u00e8 fuori. La bellezza pu\u00f2 venire dall&#8217;interno, ma questi cinque edifici progettati ad arte sono diventati attrazioni in se stessi e a tutti gli effetti, vantando facciate spettacolari&hellip; <a class=\"more-link\" href=\"https:\/\/www.omio.it\/window-seat\/it\/storia-arte\/musei-famosi-per-la-loro-architettura\/\">Continue reading <span class=\"screen-reader-text\">Musei famosi per la loro architettura<\/span><\/a><\/p>\n","protected":false},"author":7,"featured_media":11255,"comment_status":"open","ping_status":"open","sticky":false,"template":"","format":"standard","meta":{"_acf_changed":false,"inline_featured_image":false,"footnotes":""},"categories":[2012,2008],"tags":[],"position_ids":[],"class_list":["post-28194","post","type-post","status-publish","format-standard","has-post-thumbnail","hentry","category-musei","category-storia-arte","entry"],"acf":[],"yoast_head":"<!-- This site is optimized with the Yoast SEO plugin v24.9 - https:\/\/yoast.com\/wordpress\/plugins\/seo\/ -->\n<title>Musei famosi per la loro architettura<\/title>\n<meta name=\"description\" content=\"Affina la tua cultura in cinque musei europei dove l&#039;architettura \u00e8 spettacolare come l&#039;arte ospitata all\u2019interno.\" \/>\n<meta name=\"robots\" content=\"index, follow, max-snippet:-1, max-image-preview:large, max-video-preview:-1\" \/>\n<link rel=\"canonical\" href=\"https:\/\/www.omio.it\/window-seat\/storia-arte\/musei-famosi-per-la-loro-architettura\/\" \/>\n<meta property=\"og:locale\" content=\"en_US\" \/>\n<meta property=\"og:type\" content=\"article\" \/>\n<meta property=\"og:title\" content=\"Musei famosi per la loro architettura\" \/>\n<meta property=\"og:description\" content=\"Affina la tua cultura in cinque musei europei dove l&#039;architettura \u00e8 spettacolare come l&#039;arte ospitata all\u2019interno.\" \/>\n<meta property=\"og:url\" content=\"https:\/\/www.omio.it\/window-seat\/it\/storia-arte\/musei-famosi-per-la-loro-architettura\/\" \/>\n<meta property=\"og:site_name\" content=\"The Window Seat\" \/>\n<meta property=\"article:published_time\" content=\"2021-05-01T00:00:00+00:00\" \/>\n<meta property=\"article:modified_time\" content=\"2022-08-04T09:20:44+00:00\" \/>\n<meta property=\"og:image\" content=\"https:\/\/www.omio.it\/window-seat\/wp-content\/uploads\/2022\/04\/jorge-fernandez-salas-JD7lQkhFoIA-unsplash.jpg\" \/>\n\t<meta property=\"og:image:width\" content=\"2560\" \/>\n\t<meta property=\"og:image:height\" content=\"1707\" \/>\n\t<meta property=\"og:image:type\" content=\"image\/jpeg\" \/>\n<meta name=\"author\" content=\"Lisa Davidsson Weiertz\" \/>\n<meta name=\"twitter:card\" content=\"summary_large_image\" \/>\n<meta name=\"twitter:creator\" content=\"@parmarbadri07@gmail.com\" \/>\n<meta name=\"twitter:label1\" content=\"Written by\" \/>\n\t<meta name=\"twitter:data1\" content=\"Lisa Davidsson Weiertz\" \/>\n\t<meta name=\"twitter:label2\" content=\"Est. reading time\" \/>\n\t<meta name=\"twitter:data2\" content=\"5 minutes\" \/>\n<script type=\"application\/ld+json\" class=\"yoast-schema-graph\">{\"@context\":\"https:\/\/schema.org\",\"@graph\":[{\"@type\":\"WebPage\",\"@id\":\"https:\/\/www.omio.it\/window-seat\/it\/storia-arte\/musei-famosi-per-la-loro-architettura\/\",\"url\":\"https:\/\/www.omio.it\/window-seat\/it\/storia-arte\/musei-famosi-per-la-loro-architettura\/\",\"name\":\"Musei famosi per la loro architettura\",\"isPartOf\":{\"@id\":\"https:\/\/www.omio.it\/window-seat\/#website\"},\"primaryImageOfPage\":{\"@id\":\"https:\/\/www.omio.it\/window-seat\/it\/storia-arte\/musei-famosi-per-la-loro-architettura\/#primaryimage\"},\"image\":{\"@id\":\"https:\/\/www.omio.it\/window-seat\/it\/storia-arte\/musei-famosi-per-la-loro-architettura\/#primaryimage\"},\"thumbnailUrl\":\"https:\/\/www.omio.it\/window-seat\/wp-content\/uploads\/2022\/04\/jorge-fernandez-salas-JD7lQkhFoIA-unsplash.jpg\",\"datePublished\":\"2021-05-01T00:00:00+00:00\",\"dateModified\":\"2022-08-04T09:20:44+00:00\",\"author\":{\"@id\":\"https:\/\/www.omio.it\/window-seat\/#\/schema\/person\/909aa82543d7586045a66797f1dbb234\"},\"description\":\"Affina la tua cultura in cinque musei europei dove l'architettura \u00e8 spettacolare come l'arte ospitata all\u2019interno.\",\"breadcrumb\":{\"@id\":\"https:\/\/www.omio.it\/window-seat\/it\/storia-arte\/musei-famosi-per-la-loro-architettura\/#breadcrumb\"},\"inLanguage\":\"en-US\",\"potentialAction\":[{\"@type\":\"ReadAction\",\"target\":[\"https:\/\/www.omio.it\/window-seat\/it\/storia-arte\/musei-famosi-per-la-loro-architettura\/\"]}]},{\"@type\":\"ImageObject\",\"inLanguage\":\"en-US\",\"@id\":\"https:\/\/www.omio.it\/window-seat\/it\/storia-arte\/musei-famosi-per-la-loro-architettura\/#primaryimage\",\"url\":\"https:\/\/www.omio.it\/window-seat\/wp-content\/uploads\/2022\/04\/jorge-fernandez-salas-JD7lQkhFoIA-unsplash.jpg\",\"contentUrl\":\"https:\/\/www.omio.it\/window-seat\/wp-content\/uploads\/2022\/04\/jorge-fernandez-salas-JD7lQkhFoIA-unsplash.jpg\",\"width\":2560,\"height\":1707,\"caption\":\"At the Guggenheim Bilbao, the shiny titanium sheathing brilliantly reflects the sky and the Nervi\u00f3n River. Credit: Jorge Fernandez Salas\/Unsplash\"},{\"@type\":\"BreadcrumbList\",\"@id\":\"https:\/\/www.omio.it\/window-seat\/it\/storia-arte\/musei-famosi-per-la-loro-architettura\/#breadcrumb\",\"itemListElement\":[{\"@type\":\"ListItem\",\"position\":1,\"name\":\"The Window Seat\",\"item\":\"https:\/\/www.omio.it\/window-seat\/\"},{\"@type\":\"ListItem\",\"position\":2,\"name\":\"History &amp; Art\",\"item\":\"https:\/\/www.omio.it\/window-seat\/history-art\/\"},{\"@type\":\"ListItem\",\"position\":3,\"name\":\"Museums\",\"item\":\"https:\/\/www.omio.it\/window-seat\/history-art\/museums\/\"},{\"@type\":\"ListItem\",\"position\":4,\"name\":\"Musei famosi per la loro architettura\"}]},{\"@type\":\"WebSite\",\"@id\":\"https:\/\/www.omio.it\/window-seat\/#website\",\"url\":\"https:\/\/www.omio.it\/window-seat\/\",\"name\":\"The Window Seat\",\"description\":\"\",\"potentialAction\":[{\"@type\":\"SearchAction\",\"target\":{\"@type\":\"EntryPoint\",\"urlTemplate\":\"https:\/\/www.omio.it\/window-seat\/?s={search_term_string}\"},\"query-input\":{\"@type\":\"PropertyValueSpecification\",\"valueRequired\":true,\"valueName\":\"search_term_string\"}}],\"inLanguage\":\"en-US\"},{\"@type\":\"Person\",\"@id\":\"https:\/\/www.omio.it\/window-seat\/#\/schema\/person\/909aa82543d7586045a66797f1dbb234\",\"name\":\"Lisa Davidsson Weiertz\",\"image\":{\"@type\":\"ImageObject\",\"inLanguage\":\"en-US\",\"@id\":\"https:\/\/www.omio.it\/window-seat\/#\/schema\/person\/image\/\",\"url\":\"https:\/\/secure.gravatar.com\/avatar\/75051ae0825f553120babb541e9fd8b13402fe52f5179383b7b4a05eb59725d6?s=96&d=mm&r=g\",\"contentUrl\":\"https:\/\/secure.gravatar.com\/avatar\/75051ae0825f553120babb541e9fd8b13402fe52f5179383b7b4a05eb59725d6?s=96&d=mm&r=g\",\"caption\":\"Lisa Davidsson Weiertz\"},\"sameAs\":[\"https:\/\/x.com\/parmarbadri07@gmail.com\"]}]}<\/script>\n<!-- \/ Yoast SEO plugin. -->","yoast_head_json":{"title":"Musei famosi per la loro architettura","description":"Affina la tua cultura in cinque musei europei dove l'architettura \u00e8 spettacolare come l'arte ospitata all\u2019interno.","robots":{"index":"index","follow":"follow","max-snippet":"max-snippet:-1","max-image-preview":"max-image-preview:large","max-video-preview":"max-video-preview:-1"},"canonical":"https:\/\/www.omio.it\/window-seat\/storia-arte\/musei-famosi-per-la-loro-architettura\/","og_locale":"en_US","og_type":"article","og_title":"Musei famosi per la loro architettura","og_description":"Affina la tua cultura in cinque musei europei dove l'architettura \u00e8 spettacolare come l'arte ospitata all\u2019interno.","og_url":"https:\/\/www.omio.it\/window-seat\/it\/storia-arte\/musei-famosi-per-la-loro-architettura\/","og_site_name":"The Window Seat","article_published_time":"2021-05-01T00:00:00+00:00","article_modified_time":"2022-08-04T09:20:44+00:00","og_image":[{"width":2560,"height":1707,"url":"https:\/\/www.omio.it\/window-seat\/wp-content\/uploads\/2022\/04\/jorge-fernandez-salas-JD7lQkhFoIA-unsplash.jpg","type":"image\/jpeg"}],"author":"Lisa Davidsson Weiertz","twitter_card":"summary_large_image","twitter_creator":"@parmarbadri07@gmail.com","twitter_misc":{"Written by":"Lisa Davidsson Weiertz","Est. reading time":"5 minutes"},"schema":{"@context":"https:\/\/schema.org","@graph":[{"@type":"WebPage","@id":"https:\/\/www.omio.it\/window-seat\/it\/storia-arte\/musei-famosi-per-la-loro-architettura\/","url":"https:\/\/www.omio.it\/window-seat\/it\/storia-arte\/musei-famosi-per-la-loro-architettura\/","name":"Musei famosi per la loro architettura","isPartOf":{"@id":"https:\/\/www.omio.it\/window-seat\/#website"},"primaryImageOfPage":{"@id":"https:\/\/www.omio.it\/window-seat\/it\/storia-arte\/musei-famosi-per-la-loro-architettura\/#primaryimage"},"image":{"@id":"https:\/\/www.omio.it\/window-seat\/it\/storia-arte\/musei-famosi-per-la-loro-architettura\/#primaryimage"},"thumbnailUrl":"https:\/\/www.omio.it\/window-seat\/wp-content\/uploads\/2022\/04\/jorge-fernandez-salas-JD7lQkhFoIA-unsplash.jpg","datePublished":"2021-05-01T00:00:00+00:00","dateModified":"2022-08-04T09:20:44+00:00","author":{"@id":"https:\/\/www.omio.it\/window-seat\/#\/schema\/person\/909aa82543d7586045a66797f1dbb234"},"description":"Affina la tua cultura in cinque musei europei dove l'architettura \u00e8 spettacolare come l'arte ospitata all\u2019interno.","breadcrumb":{"@id":"https:\/\/www.omio.it\/window-seat\/it\/storia-arte\/musei-famosi-per-la-loro-architettura\/#breadcrumb"},"inLanguage":"en-US","potentialAction":[{"@type":"ReadAction","target":["https:\/\/www.omio.it\/window-seat\/it\/storia-arte\/musei-famosi-per-la-loro-architettura\/"]}]},{"@type":"ImageObject","inLanguage":"en-US","@id":"https:\/\/www.omio.it\/window-seat\/it\/storia-arte\/musei-famosi-per-la-loro-architettura\/#primaryimage","url":"https:\/\/www.omio.it\/window-seat\/wp-content\/uploads\/2022\/04\/jorge-fernandez-salas-JD7lQkhFoIA-unsplash.jpg","contentUrl":"https:\/\/www.omio.it\/window-seat\/wp-content\/uploads\/2022\/04\/jorge-fernandez-salas-JD7lQkhFoIA-unsplash.jpg","width":2560,"height":1707,"caption":"At the Guggenheim Bilbao, the shiny titanium sheathing brilliantly reflects the sky and the Nervi\u00f3n River. Credit: Jorge Fernandez Salas\/Unsplash"},{"@type":"BreadcrumbList","@id":"https:\/\/www.omio.it\/window-seat\/it\/storia-arte\/musei-famosi-per-la-loro-architettura\/#breadcrumb","itemListElement":[{"@type":"ListItem","position":1,"name":"The Window Seat","item":"https:\/\/www.omio.it\/window-seat\/"},{"@type":"ListItem","position":2,"name":"History &amp; Art","item":"https:\/\/www.omio.it\/window-seat\/history-art\/"},{"@type":"ListItem","position":3,"name":"Museums","item":"https:\/\/www.omio.it\/window-seat\/history-art\/museums\/"},{"@type":"ListItem","position":4,"name":"Musei famosi per la loro architettura"}]},{"@type":"WebSite","@id":"https:\/\/www.omio.it\/window-seat\/#website","url":"https:\/\/www.omio.it\/window-seat\/","name":"The Window Seat","description":"","potentialAction":[{"@type":"SearchAction","target":{"@type":"EntryPoint","urlTemplate":"https:\/\/www.omio.it\/window-seat\/?s={search_term_string}"},"query-input":{"@type":"PropertyValueSpecification","valueRequired":true,"valueName":"search_term_string"}}],"inLanguage":"en-US"},{"@type":"Person","@id":"https:\/\/www.omio.it\/window-seat\/#\/schema\/person\/909aa82543d7586045a66797f1dbb234","name":"Lisa Davidsson Weiertz","image":{"@type":"ImageObject","inLanguage":"en-US","@id":"https:\/\/www.omio.it\/window-seat\/#\/schema\/person\/image\/","url":"https:\/\/secure.gravatar.com\/avatar\/75051ae0825f553120babb541e9fd8b13402fe52f5179383b7b4a05eb59725d6?s=96&d=mm&r=g","contentUrl":"https:\/\/secure.gravatar.com\/avatar\/75051ae0825f553120babb541e9fd8b13402fe52f5179383b7b4a05eb59725d6?s=96&d=mm&r=g","caption":"Lisa Davidsson Weiertz"},"sameAs":["https:\/\/x.com\/parmarbadri07@gmail.com"]}]}},"_links":{"self":[{"href":"https:\/\/www.omio.it\/window-seat\/wp-json\/wp\/v2\/posts\/28194","targetHints":{"allow":["GET"]}}],"collection":[{"href":"https:\/\/www.omio.it\/window-seat\/wp-json\/wp\/v2\/posts"}],"about":[{"href":"https:\/\/www.omio.it\/window-seat\/wp-json\/wp\/v2\/types\/post"}],"author":[{"embeddable":true,"href":"https:\/\/www.omio.it\/window-seat\/wp-json\/wp\/v2\/users\/7"}],"replies":[{"embeddable":true,"href":"https:\/\/www.omio.it\/window-seat\/wp-json\/wp\/v2\/comments?post=28194"}],"version-history":[{"count":3,"href":"https:\/\/www.omio.it\/window-seat\/wp-json\/wp\/v2\/posts\/28194\/revisions"}],"predecessor-version":[{"id":41930,"href":"https:\/\/www.omio.it\/window-seat\/wp-json\/wp\/v2\/posts\/28194\/revisions\/41930"}],"wp:featuredmedia":[{"embeddable":true,"href":"https:\/\/www.omio.it\/window-seat\/wp-json\/wp\/v2\/media\/11255"}],"wp:attachment":[{"href":"https:\/\/www.omio.it\/window-seat\/wp-json\/wp\/v2\/media?parent=28194"}],"wp:term":[{"taxonomy":"category","embeddable":true,"href":"https:\/\/www.omio.it\/window-seat\/wp-json\/wp\/v2\/categories?post=28194"},{"taxonomy":"post_tag","embeddable":true,"href":"https:\/\/www.omio.it\/window-seat\/wp-json\/wp\/v2\/tags?post=28194"},{"taxonomy":"position_id","embeddable":true,"href":"https:\/\/www.omio.it\/window-seat\/wp-json\/wp\/v2\/position_ids?post=28194"}],"curies":[{"name":"wp","href":"https:\/\/api.w.org\/{rel}","templated":true}]}}