{"id":28361,"date":"2021-11-01T00:00:00","date_gmt":"2021-11-01T00:00:00","guid":{"rendered":"http:\/\/www.omio.it\/window-seat\/non-categorizzato\/i-migliori-mercatini-di-natale-in-germania"},"modified":"2022-08-04T09:22:11","modified_gmt":"2022-08-04T09:22:11","slug":"i-migliori-mercatini-di-natale-in-germania","status":"publish","type":"post","link":"https:\/\/www.omio.it\/window-seat\/it\/cultura-stili-di-vita\/i-migliori-mercatini-di-natale-in-germania\/","title":{"rendered":"I migliori mercatini di Natale in Germania"},"content":{"rendered":"\n<p>La Germania \u00e8 famosa in tutto il mondo per i suoi mercatini di Natale, suggestivi e accoglienti. Nessun altro paese festeggia il Natale come i tedeschi, che hanno perfezionato l&#8217;arte dello Yule \u2013 la tradizionale festa per il solstizio d&#8217;inverno \u2013 attirando poi gli appassionati del Natale da tutto il mondo ogni dicembre nei loro mercati scintillanti. Unisciti a noi mentre esploriamo cinque straordinari mercatini di Natale tedeschi, ognuno con un fascino unico. Dalla Foresta Nera, fino alla costa anseatica, facciamo un viaggio attraverso la magia del Natale. Per tutto il mese di dicembre brinderemo con vin brul\u00e8 ad ogni campana che suona, noce tostata e luce fiabesca, per recuperare il tempo perduto dopo la sospensione dell&#8217;anno scorso!<\/p>\n\n\n\n<p><strong>Mercatino di Natale a Ravennaschlucht, Foresta Nera<\/strong><\/p>\n\n\n\n<p>Il primo mercatino di Natale della nostra lista si trova nei favolosi altopiani della Foresta Nera. Un viadotto ferroviario, illuminato e colorato, alto 40 metri, incornicia la pittoresca gola della \u201cValle del Diavolo\u201d. Il mercatino di Natale di Ravennaschlucht vanta 40 stand con tantissimi bracieri per tenerti al caldo e alberi di Natale per creare l\u2019atmosfera. Assaggia prelibatezze festive come le noci tostate, il pan di zenzero e le specialit\u00e0 regionali come il g\u00e2teau della Foresta Nera (una torta al cioccolato, crema e ciliegie), il tutto da assaporare con una grappa alla ciliegia locale.<\/p>\n\n\n\n<figure class=\"wp-block-gallery columns-1 is-cropped wp-block-gallery-1 is-layout-flex wp-block-gallery-is-layout-flex\"><ul class=\"blocks-gallery-grid\"><li class=\"blocks-gallery-item\"><figure><img decoding=\"async\" src=\"https:\/\/www.omio.it\/window-seat\/wp-content\/uploads\/2022\/04\/Weihnachtsmarkt-in-der-Ravennaschlucht_High-Res_21140-9.jpg\" alt=\"\" data-id=\"28264\" data-full-url=\"https:\/\/www.omio.it\/window-seat\/wp-content\/uploads\/2022\/04\/Weihnachtsmarkt-in-der-Ravennaschlucht_High-Res_21140-9.jpg\" data-link=\"https:\/\/www.omio.it\/window-seat\/?attachment_id=28264\" class=\"wp-image-28268\"\/><figcaption class=\"blocks-gallery-item__caption\">Al mercatino di Natale di Ravennaschlucht, 40 venditori vendono di tutto, dai giocattoli fatti a mano ai dolci, alle bevande di produzione locale. <br>Credit: Hochschwarzwald Tourismus GmbH&nbsp;<\/figcaption><\/figure><\/li><\/ul><\/figure>\n\n\n\n<p>Gli organizzatori credono fermamente nella sostenibilit\u00e0, quindi nel mercato troverai oggetti artigianali come gli angeli della Foresta Nera, palline soffiate a mano e legni intagliati. I bus navetta portano i visitatori dalle stazioni vicine come <a href=\"https:\/\/www.omio.it\/viaggi\/friburgo-in-brisgovia?utm=source_omio-magazine&amp;utm_medium=magazine&amp;utm_campaign=November&amp;utm_content=ChristmasMarkets&amp;utm_term=IT_ViaggiFriburgo\" target=\"_blank\" rel=\"noreferrer noopener\">Friburgo<\/a>, fino alla gola e, se ti senti energico, puoi fare un&#8217;escursione da Hinterzarten attraverso il paesaggio della L\u00f6ffeltal, seguendo uno splendido sentiero forestale con viste panoramiche e che ti porter\u00e0 in questo pittoresco paese delle meraviglie!   <\/p>\n\n\n<div id=\"search-widget-overlay\" class=\"search-widget-overlay\">\r\n  <div class=\"search-widget-overlay__form\" data-search-widget-container>\r\n    <div class=\"search-widget-overlay__details\">\r\n      <button class=\"search-widget-overlay__close\" data-search-widget-close>\r\n        \u2715\r\n      <\/button>\r\n      <div class=\"search-widget-overlay__text\">\r\n        Friburgo      <\/div>\r\n    <\/div>\r\n\r\n  <\/div>\r\n<\/div>\r\n\r\n<div class=\"search-widget-cta\">\r\n  <button class=\"search-widget-cta__button\" data-search-widget-cta>\r\n    Viaggia a Friburgo  <\/button>\r\n<\/div>\n\n\n<p><strong>Quando?<\/strong> Aperto tutti i venerd\u00ec, sabato e domenica dal 26 novembre al 19 dicembre 2021<\/p>\n\n\n\n<figure class=\"wp-block-image size-full\"><img decoding=\"async\" src=\"https:\/\/www.omio.it\/window-seat\/wp-content\/uploads\/2022\/04\/Weihnachtsmarkt-in-der-Ravennaschlucht_High-Res_21048-8.jpg\" alt=\"\" class=\"wp-image-28275\"\/><figcaption>Il viadotto ferroviario colorato di Ravennaschlucht \u00e8 degno dell&#8217;Hogwarts Express. <br>Credit: Hochschwarzwald Tourismus GmbH<\/figcaption><\/figure>\n\n\n\n<p><strong>Christkindlesmarkt<\/strong><strong>, Norimberga<\/strong><\/p>\n\n\n\n<p>Il Christkindlesmarkt di <a href=\"https:\/\/www.omio.it\/viaggi\/norimberga?utm=source_omio-magazine&amp;utm_medium=magazine&amp;utm_campaign=November&amp;utm_content=ChristmasMarkets&amp;utm_term=IT_ViaggiNorimbrga\" target=\"_blank\" rel=\"noreferrer noopener\">Norimberga<\/a> \u00e8 uno dei mercatini di Natale pi\u00f9 antichi della Germania: la gente del posto dice che il primo mercato si tenne addirittura nel 1628. Anche se la seconda guerra mondiale mise fine a tutti gli eventi festivi, il mercato torn\u00f2 in auge nel 1948 tra le rovine della piazza del mercato principale nella citt\u00e0 vecchia: e questo \u00e8 stato il luogo deputato ad accoglierlo da allora.<\/p>\n\n\n\n<figure class=\"wp-block-gallery columns-1 is-cropped wp-block-gallery-2 is-layout-flex wp-block-gallery-is-layout-flex\"><ul class=\"blocks-gallery-grid\"><li class=\"blocks-gallery-item\"><figure><img decoding=\"async\" src=\"https:\/\/www.omio.it\/window-seat\/wp-content\/uploads\/2022\/04\/editorial_shutterstock_206246794_Nuremberg-Christmas-Market-5-scaled.jpg\" alt=\"\" data-id=\"28278\" data-full-url=\"https:\/\/www.omio.it\/window-seat\/wp-content\/uploads\/2022\/04\/editorial_shutterstock_206246794_Nuremberg-Christmas-Market-5-scaled.jpg\" data-link=\"https:\/\/www.omio.it\/window-seat\/?attachment_id=28278\" class=\"wp-image-28282\"\/><figcaption class=\"blocks-gallery-item__caption\">La chiesa gotica di Nostra Signora (Frauenkirche) domina la piazza del mercato di Norimberga dal 1361. Credit: Shutterstock&nbsp;<\/figcaption><\/figure><\/li><\/ul><\/figure>\n\n\n<div id=\"search-widget-overlay\" class=\"search-widget-overlay\">\r\n  <div class=\"search-widget-overlay__form\" data-search-widget-container>\r\n    <div class=\"search-widget-overlay__details\">\r\n      <button class=\"search-widget-overlay__close\" data-search-widget-close>\r\n        \u2715\r\n      <\/button>\r\n      <div class=\"search-widget-overlay__text\">\r\n        Norimberga      <\/div>\r\n    <\/div>\r\n\r\n  <\/div>\r\n<\/div>\r\n\r\n<div class=\"search-widget-cta\">\r\n  <button class=\"search-widget-cta__button\" data-search-widget-cta>\r\n    Viaggia a Norimberga  <\/button>\r\n<\/div>\n\n\n<p>Questo mercato bavarese \u00e8 ricco di tradizione ma con un occhio puntato sulla filantropia. Ogni anno, una Christkind eletta (una donna portatrice di doni) rappresenta il Christkindlesmarkt, riflettendo lo spirito della stagione. Molte delle bancarelle sono decorate con cura, con tetti a strisce rosse e bianche, e i proventi di tutte le vendite vanno a enti di beneficenza regionali. Oltre a visitare le istituzioni di beneficenza, la Christkind inaugura la grande cerimonia di apertura, il venerd\u00ec prima di ogni primo di Avvento.<\/p>\n\n\n\n<figure class=\"wp-block-gallery columns-1 is-cropped wp-block-gallery-3 is-layout-flex wp-block-gallery-is-layout-flex\"><ul class=\"blocks-gallery-grid\"><li class=\"blocks-gallery-item\"><figure><img decoding=\"async\" src=\"https:\/\/www.omio.it\/window-seat\/wp-content\/uploads\/2022\/04\/shutterstock_187961957-4-scaled.jpg\" alt=\"\" data-id=\"28285\" data-full-url=\"https:\/\/www.omio.it\/window-seat\/wp-content\/uploads\/2022\/04\/shutterstock_187961957-4-scaled.jpg\" data-link=\"https:\/\/www.omio.it\/window-seat\/?attachment_id=28285\" class=\"wp-image-28289\"\/><figcaption class=\"blocks-gallery-item__caption\">I cuori di pan di zenzero sono un must in ogni mercatino di Natale tedesco che si rispetti! Credit: Shutterstock<\/figcaption><\/figure><\/li><\/ul><\/figure>\n\n\n\n<p>Con pi\u00f9 di 30 bancarelle risalenti al 1890, ci sono moltissime prelibatezze tradizionali da scoprire. Prova il Bratwurst Weggla biologico (salsicce di Norimberga servite con senape in un panino) o i biscotti Spekulatius. Successivamente, sorseggia un vin brul\u00e8 di mirtilli ottenuto da selezionati vitigni italiani. \u00c8 una rivisitazione di una classica <a href=\"https:\/\/www.omio.it\/window-seat\/issue\/casa\/riscaldarsi-con-gusto-bevande-calde-per-notti-fredde\/\" target=\"_blank\" rel=\"noreferrer noopener\">bevanda invernale <\/a>e viene venduto nel mercato da 35 anni.<\/p>\n\n\n\n<p><strong>Quando?<\/strong> Dal 26 novembre al 24 dicembre 2021.<\/p>\n\n\n\n<p><strong>Lucia Weihnachtsmarkt, Berlino<\/strong>&nbsp;<\/p>\n\n\n\n<p>L&#8217;imponente Kulturbrauerei in mattoni rossi, una fabbrica di birra del XIX secolo, nel quartiere berlinese di Prenzlauer Berg, ospita questo mercatino di Natale dal 2000. Gli stand rossi e bianchi offrono prelibatezze festive per adulti e bambini, che aspettano impazienti in fila per salire sulle giostre. Il mercato illuminato ha un sapore scandinavo. Prende il nome dalla tradizione svedese di Santa Lucia, che si svolge il 13 dicembre di ogni anno. Lucia era una santa martire che si diceva portasse luci tra i capelli. Osserva dunque una moderna Lucia guidare un gruppo che intona canti natalizi, vestito di bianco nel buio. Il mercato vanta anche una sauna mobile e serve Gl\u00f6gg, il dolce vin brul\u00e9 nordico condito con mandorle e uvetta, oltre a gulasch di alce e salame di renna. Con pi\u00f9 di 70 mercatini di Natale nella sola <a href=\"https:\/\/www.omio.it\/viaggi\/berlino?utm=source_omio-magazine&amp;utm_medium=magazine&amp;utm_campaign=November&amp;utm_content=ChristmasMarkets&amp;utm_term=IT_ViaggiBerlino\" target=\"_blank\" rel=\"noreferrer noopener\">Berlino<\/a>, ci sono molte opzioni nella capitale, ma noi ti consigliamo di affacciarti al complesso della Holzmarkt sulla Spree, che ha un carattere unico e un\u2019atmosfera davvero coinvolgente.<\/p>\n\n\n<div id=\"search-widget-overlay\" class=\"search-widget-overlay\">\r\n  <div class=\"search-widget-overlay__form\" data-search-widget-container>\r\n    <div class=\"search-widget-overlay__details\">\r\n      <button class=\"search-widget-overlay__close\" data-search-widget-close>\r\n        \u2715\r\n      <\/button>\r\n      <div class=\"search-widget-overlay__text\">\r\n        Berlino      <\/div>\r\n    <\/div>\r\n\r\n  <\/div>\r\n<\/div>\r\n\r\n<div class=\"search-widget-cta\">\r\n  <button class=\"search-widget-cta__button\" data-search-widget-cta>\r\n    Viaggia a Berlino  <\/button>\r\n<\/div>\n\n\n<p><strong>Quando?<\/strong> dal 22 novembre al 22 dicembre 2021.<\/p>\n\n\n\n<figure class=\"wp-block-gallery columns-1 is-cropped wp-block-gallery-4 is-layout-flex wp-block-gallery-is-layout-flex\"><ul class=\"blocks-gallery-grid\"><li class=\"blocks-gallery-item\"><figure><img decoding=\"async\" src=\"https:\/\/www.omio.it\/window-seat\/wp-content\/uploads\/2022\/04\/kulturbrauerei1-7.jpg\" alt=\"\" data-id=\"28292\" data-full-url=\"https:\/\/www.omio.it\/window-seat\/wp-content\/uploads\/2022\/04\/kulturbrauerei1-7.jpg\" data-link=\"https:\/\/www.omio.it\/window-seat\/?attachment_id=28292\" class=\"wp-image-28296\"\/><figcaption class=\"blocks-gallery-item__caption\">Uno dei mercatini di Natale pi\u00f9 popolari di Berlino \u00e8 ospitato in un&#8217;ex fabbrica di birra e illumina il quartiere di Prenzlauer Berg. Credit: Thomas Ernst&nbsp;<\/figcaption><\/figure><\/li><\/ul><\/figure>\n\n\n\n<figure class=\"wp-block-gallery columns-2 is-cropped wp-block-gallery-5 is-layout-flex wp-block-gallery-is-layout-flex\"><ul class=\"blocks-gallery-grid\"><li class=\"blocks-gallery-item\"><figure><img decoding=\"async\" src=\"https:\/\/www.omio.it\/window-seat\/wp-content\/uploads\/2022\/04\/kulturbrauerei3-6.jpg\" alt=\"\" data-id=\"28298\" data-link=\"https:\/\/www.omio.it\/window-seat\/?attachment_id=28298\" class=\"wp-image-28302\"\/><figcaption class=\"blocks-gallery-item__caption\">Le giostre animano il mercato, per i visitatori di tutte le et\u00e0.<br> Credit: Thomas Ernst&nbsp;<\/figcaption><\/figure><\/li><li class=\"blocks-gallery-item\"><figure><img decoding=\"async\" src=\"https:\/\/www.omio.it\/window-seat\/wp-content\/uploads\/2022\/04\/Lucia-2020-Luciachor-Joachim-Loch-scaled-2.jpg\" alt=\"\" data-id=\"28304\" data-full-url=\"https:\/\/www.omio.it\/window-seat\/wp-content\/uploads\/2022\/04\/Lucia-2020-Luciachor-Joachim-Loch-scaled-2.jpg\" data-link=\"https:\/\/www.omio.it\/window-seat\/?attachment_id=28304\" class=\"wp-image-28308\"\/><figcaption class=\"blocks-gallery-item__caption\">Lucia guida il suo gruppo che intona canzoni natalizie: portano la luce nell&#8217;oscurit\u00e0 invernale il 13 dicembre di ogni anno. Credit: Jochen Loch&nbsp;<\/figcaption><\/figure><\/li><\/ul><\/figure>\n\n\n\n<p><strong>Mercatino di Natale del porto di Lindau, Lago di Costanza<\/strong><\/p>\n\n\n\n<p>Questo idilliaco mercatino di Natale in Baviera si svolge su una piccola e stretta isola vicino al Lago di Costanza, circondata da cime innevate e acqua cristallina. Per dare il via alla fiera sul lungolago, il gigantesco albero di Natale di Lindau viene allestito presso la Bismarckplatz, contribuendo a creare uno dei mercatini di Natale pi\u00f9 belli della Germania. Il mercato ha un programma completo ogni fine settimana, che va da letture di fiabe, alle cavalcate su pony, a esibizioni dal vivo di una band jazz della Louisiana, fino a un gruppo di corno delle Alpi!<\/p>\n\n\n\n<figure class=\"wp-block-gallery columns-1 is-cropped wp-block-gallery-6 is-layout-flex wp-block-gallery-is-layout-flex\"><ul class=\"blocks-gallery-grid\"><li class=\"blocks-gallery-item\"><figure><img decoding=\"async\" src=\"https:\/\/www.omio.it\/window-seat\/wp-content\/uploads\/2022\/04\/Hafenweihnacht-Stand_Christian-Flemming-1-scaled.jpg\" alt=\"\" data-id=\"28311\" data-full-url=\"https:\/\/www.omio.it\/window-seat\/wp-content\/uploads\/2022\/04\/Hafenweihnacht-Stand_Christian-Flemming-1-scaled.jpg\" data-link=\"https:\/\/www.omio.it\/window-seat\/?attachment_id=28311\" class=\"wp-image-28315\"\/><figcaption class=\"blocks-gallery-item__caption\">Le idilliache isole del Lago di Costanza vantano un mercatino di Natale di ispirazione nautica. Credit: Christian Flemming&nbsp;<\/figcaption><\/figure><\/li><\/ul><\/figure>\n\n\n\n<p>Una volta a <a href=\"https:\/\/www.omio.it\/viaggi\/lindau-bodensee?utm=source_omio-magazine&amp;utm_medium=magazine&amp;utm_campaign=November&amp;utm_content=ChristmasMarkets&amp;utm_term=IT_ViaggiLindau\" target=\"_blank\" rel=\"noreferrer noopener\">Lindau<\/a>, puoi salire a bordo dell&#8217;<em>Austria<\/em>, che \u00e8 stata decorata con ornamenti natalizi e con un presepe, e fare una rapida crociera sul lago fino al mercatino di Natale di Bregenz per godere di viste spettacolari. <\/p>\n\n\n<div id=\"search-widget-overlay\" class=\"search-widget-overlay\">\r\n  <div class=\"search-widget-overlay__form\" data-search-widget-container>\r\n    <div class=\"search-widget-overlay__details\">\r\n      <button class=\"search-widget-overlay__close\" data-search-widget-close>\r\n        \u2715\r\n      <\/button>\r\n      <div class=\"search-widget-overlay__text\">\r\n        Lindau      <\/div>\r\n    <\/div>\r\n\r\n  <\/div>\r\n<\/div>\r\n\r\n<div class=\"search-widget-cta\">\r\n  <button class=\"search-widget-cta__button\" data-search-widget-cta>\r\n    Viaggia a Lindau  <\/button>\r\n<\/div>\n\n\n<p>                                               <\/p>\n\n\n\n<p><strong>Quando?<\/strong> Dal gioved\u00ec alla domenica, dal 25 novembre al 19 dicembre 2021<\/p>\n\n\n\n<p><strong>Mercatino di Natale a Lubecca<\/strong><\/p>\n\n\n\n<p><br><a href=\"https:\/\/www.omio.it\/viaggi\/lubecca??utm=source_omio-magazine&amp;utm_medium=magazine&amp;utm_campaign=November&amp;utm_content=ChristmasMarkets&amp;utm_term=IT_ViaggiLubecca\" target=\"_blank\" rel=\"noreferrer noopener\">Lubecca<\/a> \u00e8 uno dei gioielli pi\u00f9 luminosi della Lega Anseatica e il suo centro storico, patrimonio mondiale dell&#8217;UNESCO, ospita uno dei mercatini di Natale pi\u00f9 belli di tutta la Germania. Il municipio, con le sue guglie verdi, e Holstentorplatz, con i suoi ciottoli, fanno da sfondo ideale per uno scintillante mercatino di Natale.<\/p>\n\n\n\n<figure class=\"wp-block-gallery columns-1 is-cropped wp-block-gallery-7 is-layout-flex wp-block-gallery-is-layout-flex\"><ul class=\"blocks-gallery-grid\"><li class=\"blocks-gallery-item\"><figure><img decoding=\"async\" src=\"https:\/\/www.omio.it\/window-seat\/wp-content\/uploads\/2022\/04\/shutterstock_1583621014_Fascinating-renaissance-wall-of-city-hall-Lubeck-Germany-with-Christmas-lights-and-trees-11-scaled-1.jpg\" alt=\"\" data-id=\"28318\" data-full-url=\"https:\/\/www.omio.it\/window-seat\/wp-content\/uploads\/2022\/04\/shutterstock_1583621014_Fascinating-renaissance-wall-of-city-hall-Lubeck-Germany-with-Christmas-lights-and-trees-11-scaled-1.jpg\" data-link=\"https:\/\/www.omio.it\/window-seat\/?attachment_id=28318\" class=\"wp-image-28322\"\/><figcaption class=\"blocks-gallery-item__caption\">Le guglie verdi incontrano i pini amorevolmente decorati nel Natale di Lubecca. Credit: Shutterstock&nbsp;<\/figcaption><\/figure><\/li><\/ul><\/figure>\n\n\n\n<p>Gli amanti del Natale si radunano qui dal 1648 e spesso si incontrano a Kaak, un punto di riferimento locale, dove i commercianti di burro vendevano le loro merci in epoca medievale. Da l\u00ec puoi esplorare pi\u00f9 di 200 bancarelle di giocattoli artigianali, bigiotteria e bevande bollenti. Passeggia tra gli chalet di legno raccolti sotto una rete di 500.000 lucine, e assaggia i dolci fritti o il famoso marzapane di Lubecca servito su piatti biodegradabili. Ci sono molti altri mercatini di Natale da non perdere a Lubecca. Fermati al Koberg Maritime, vicino al porto, e goditi un giro sulla ruota panoramica o pattina sul ghiaccio. La famosa foresta delle fiabe \u00e8 perfetta per i bambini che vogliono ascoltare tutto sulle fiabe dei fratelli Grimm.<\/p>\n\n\n<div id=\"search-widget-overlay\" class=\"search-widget-overlay\">\r\n  <div class=\"search-widget-overlay__form\" data-search-widget-container>\r\n    <div class=\"search-widget-overlay__details\">\r\n      <button class=\"search-widget-overlay__close\" data-search-widget-close>\r\n        \u2715\r\n      <\/button>\r\n      <div class=\"search-widget-overlay__text\">\r\n        Lubecca      <\/div>\r\n    <\/div>\r\n\r\n  <\/div>\r\n<\/div>\r\n\r\n<div class=\"search-widget-cta\">\r\n  <button class=\"search-widget-cta__button\" data-search-widget-cta>\r\n    Viaggia a Lubecca  <\/button>\r\n<\/div>\n\n\n<p><strong>Quando?<\/strong> dal 22 novembre al 30 dicembre 2021<\/p>\n\n\n\n<figure class=\"wp-block-gallery columns-1 is-cropped wp-block-gallery-8 is-layout-flex wp-block-gallery-is-layout-flex\"><ul class=\"blocks-gallery-grid\"><li class=\"blocks-gallery-item\"><figure><img decoding=\"async\" src=\"https:\/\/www.omio.it\/window-seat\/wp-content\/uploads\/2022\/04\/editorial_shutterstock_1494799931_Lubeck-10-scaled.jpg\" alt=\"\" data-id=\"28325\" data-full-url=\"https:\/\/www.omio.it\/window-seat\/wp-content\/uploads\/2022\/04\/editorial_shutterstock_1494799931_Lubeck-10-scaled.jpg\" data-link=\"https:\/\/www.omio.it\/window-seat\/?attachment_id=28325\" class=\"wp-image-28329\"\/><figcaption class=\"blocks-gallery-item__caption\">Il mercato esiste fin dall&#8217;epoca medievale e attira gli appassionati del Natale da tutta Europa. Credit: Shutterstock&nbsp;<\/figcaption><\/figure><\/li><\/ul><\/figure>\n","protected":false},"excerpt":{"rendered":"<p>La Germania \u00e8 famosa in tutto il mondo per i suoi mercatini di Natale, suggestivi e accoglienti. Nessun altro paese festeggia il Natale come i tedeschi, che hanno perfezionato l&#8217;arte dello Yule \u2013 la tradizionale festa per il solstizio d&#8217;inverno \u2013 attirando poi gli appassionati del Natale da tutto il mondo ogni dicembre nei loro&hellip; <a class=\"more-link\" href=\"https:\/\/www.omio.it\/window-seat\/it\/cultura-stili-di-vita\/i-migliori-mercatini-di-natale-in-germania\/\">Continue reading <span class=\"screen-reader-text\">I migliori mercatini di Natale in Germania<\/span><\/a><\/p>\n","protected":false},"author":7,"featured_media":13659,"comment_status":"open","ping_status":"open","sticky":false,"template":"","format":"standard","meta":{"_acf_changed":false,"inline_featured_image":false,"footnotes":""},"categories":[1988,2000],"tags":[],"position_ids":[],"class_list":["post-28361","post","type-post","status-publish","format-standard","has-post-thumbnail","hentry","category-cultura-stili-di-vita","category-eventos","entry"],"acf":[],"yoast_head":"<!-- This site is optimized with the Yoast SEO plugin v24.9 - https:\/\/yoast.com\/wordpress\/plugins\/seo\/ -->\n<title>I migliori mercatini di Natale in Germania<\/title>\n<meta name=\"description\" content=\"Scopri cinque fantastici mercatini di Natale tedeschi che esaudiranno ogni tuo desiderio natalizio.\" \/>\n<meta name=\"robots\" content=\"index, follow, max-snippet:-1, max-image-preview:large, max-video-preview:-1\" \/>\n<link rel=\"canonical\" href=\"https:\/\/www.omio.it\/window-seat\/cultura-stili-di-vita\/i-migliori-mercatini-di-natale-in-germania\/\" \/>\n<meta property=\"og:locale\" content=\"en_US\" \/>\n<meta property=\"og:type\" content=\"article\" \/>\n<meta property=\"og:title\" content=\"I migliori mercatini di Natale in Germania\" \/>\n<meta property=\"og:description\" content=\"Scopri cinque fantastici mercatini di Natale tedeschi che esaudiranno ogni tuo desiderio natalizio.\" \/>\n<meta property=\"og:url\" content=\"https:\/\/www.omio.it\/window-seat\/it\/cultura-stili-di-vita\/i-migliori-mercatini-di-natale-in-germania\/\" \/>\n<meta property=\"og:site_name\" content=\"The Window Seat\" \/>\n<meta property=\"article:published_time\" content=\"2021-11-01T00:00:00+00:00\" \/>\n<meta property=\"article:modified_time\" content=\"2022-08-04T09:22:11+00:00\" \/>\n<meta property=\"og:image\" content=\"https:\/\/www.omio.it\/window-seat\/wp-content\/uploads\/2022\/04\/Lindauer-Hafenweihnacht-Foto-Wolfgang-Schneider-1-scaled.jpg\" \/>\n\t<meta property=\"og:image:width\" content=\"2560\" \/>\n\t<meta property=\"og:image:height\" content=\"1635\" \/>\n\t<meta property=\"og:image:type\" content=\"image\/jpeg\" \/>\n<meta name=\"author\" content=\"Lisa Davidsson Weiertz\" \/>\n<meta name=\"twitter:card\" content=\"summary_large_image\" \/>\n<meta name=\"twitter:creator\" content=\"@parmarbadri07@gmail.com\" \/>\n<meta name=\"twitter:label1\" content=\"Written by\" \/>\n\t<meta name=\"twitter:data1\" content=\"Lisa Davidsson Weiertz\" \/>\n\t<meta name=\"twitter:label2\" content=\"Est. reading time\" \/>\n\t<meta name=\"twitter:data2\" content=\"6 minutes\" \/>\n<script type=\"application\/ld+json\" class=\"yoast-schema-graph\">{\"@context\":\"https:\/\/schema.org\",\"@graph\":[{\"@type\":\"WebPage\",\"@id\":\"https:\/\/www.omio.it\/window-seat\/it\/cultura-stili-di-vita\/i-migliori-mercatini-di-natale-in-germania\/\",\"url\":\"https:\/\/www.omio.it\/window-seat\/it\/cultura-stili-di-vita\/i-migliori-mercatini-di-natale-in-germania\/\",\"name\":\"I migliori mercatini di Natale in Germania\",\"isPartOf\":{\"@id\":\"https:\/\/www.omio.it\/window-seat\/#website\"},\"primaryImageOfPage\":{\"@id\":\"https:\/\/www.omio.it\/window-seat\/it\/cultura-stili-di-vita\/i-migliori-mercatini-di-natale-in-germania\/#primaryimage\"},\"image\":{\"@id\":\"https:\/\/www.omio.it\/window-seat\/it\/cultura-stili-di-vita\/i-migliori-mercatini-di-natale-in-germania\/#primaryimage\"},\"thumbnailUrl\":\"https:\/\/www.omio.it\/window-seat\/wp-content\/uploads\/2022\/04\/Lindauer-Hafenweihnacht-Foto-Wolfgang-Schneider-1-scaled.jpg\",\"datePublished\":\"2021-11-01T00:00:00+00:00\",\"dateModified\":\"2022-08-04T09:22:11+00:00\",\"author\":{\"@id\":\"https:\/\/www.omio.it\/window-seat\/#\/schema\/person\/909aa82543d7586045a66797f1dbb234\"},\"description\":\"Scopri cinque fantastici mercatini di Natale tedeschi che esaudiranno ogni tuo desiderio natalizio.\",\"breadcrumb\":{\"@id\":\"https:\/\/www.omio.it\/window-seat\/it\/cultura-stili-di-vita\/i-migliori-mercatini-di-natale-in-germania\/#breadcrumb\"},\"inLanguage\":\"en-US\",\"potentialAction\":[{\"@type\":\"ReadAction\",\"target\":[\"https:\/\/www.omio.it\/window-seat\/it\/cultura-stili-di-vita\/i-migliori-mercatini-di-natale-in-germania\/\"]}]},{\"@type\":\"ImageObject\",\"inLanguage\":\"en-US\",\"@id\":\"https:\/\/www.omio.it\/window-seat\/it\/cultura-stili-di-vita\/i-migliori-mercatini-di-natale-in-germania\/#primaryimage\",\"url\":\"https:\/\/www.omio.it\/window-seat\/wp-content\/uploads\/2022\/04\/Lindauer-Hafenweihnacht-Foto-Wolfgang-Schneider-1-scaled.jpg\",\"contentUrl\":\"https:\/\/www.omio.it\/window-seat\/wp-content\/uploads\/2022\/04\/Lindauer-Hafenweihnacht-Foto-Wolfgang-Schneider-1-scaled.jpg\",\"width\":2560,\"height\":1635,\"caption\":\"Ein Besuch auf dem Lindauer Weihnachtsmarkt am Bodensee steht im Dezember ganz oben auf unserer Wunschliste. Credit: Wolfgang Schneider\"},{\"@type\":\"BreadcrumbList\",\"@id\":\"https:\/\/www.omio.it\/window-seat\/it\/cultura-stili-di-vita\/i-migliori-mercatini-di-natale-in-germania\/#breadcrumb\",\"itemListElement\":[{\"@type\":\"ListItem\",\"position\":1,\"name\":\"The Window Seat\",\"item\":\"https:\/\/www.omio.it\/window-seat\/\"},{\"@type\":\"ListItem\",\"position\":2,\"name\":\"Culture &amp; Lifestyle\",\"item\":\"https:\/\/www.omio.it\/window-seat\/culture-lifestyle\/\"},{\"@type\":\"ListItem\",\"position\":3,\"name\":\"Events\",\"item\":\"https:\/\/www.omio.it\/window-seat\/culture-lifestyle\/events\/\"},{\"@type\":\"ListItem\",\"position\":4,\"name\":\"I migliori mercatini di Natale in Germania\"}]},{\"@type\":\"WebSite\",\"@id\":\"https:\/\/www.omio.it\/window-seat\/#website\",\"url\":\"https:\/\/www.omio.it\/window-seat\/\",\"name\":\"The Window Seat\",\"description\":\"\",\"potentialAction\":[{\"@type\":\"SearchAction\",\"target\":{\"@type\":\"EntryPoint\",\"urlTemplate\":\"https:\/\/www.omio.it\/window-seat\/?s={search_term_string}\"},\"query-input\":{\"@type\":\"PropertyValueSpecification\",\"valueRequired\":true,\"valueName\":\"search_term_string\"}}],\"inLanguage\":\"en-US\"},{\"@type\":\"Person\",\"@id\":\"https:\/\/www.omio.it\/window-seat\/#\/schema\/person\/909aa82543d7586045a66797f1dbb234\",\"name\":\"Lisa Davidsson Weiertz\",\"image\":{\"@type\":\"ImageObject\",\"inLanguage\":\"en-US\",\"@id\":\"https:\/\/www.omio.it\/window-seat\/#\/schema\/person\/image\/\",\"url\":\"https:\/\/secure.gravatar.com\/avatar\/75051ae0825f553120babb541e9fd8b13402fe52f5179383b7b4a05eb59725d6?s=96&d=mm&r=g\",\"contentUrl\":\"https:\/\/secure.gravatar.com\/avatar\/75051ae0825f553120babb541e9fd8b13402fe52f5179383b7b4a05eb59725d6?s=96&d=mm&r=g\",\"caption\":\"Lisa Davidsson Weiertz\"},\"sameAs\":[\"https:\/\/x.com\/parmarbadri07@gmail.com\"]}]}<\/script>\n<!-- \/ Yoast SEO plugin. -->","yoast_head_json":{"title":"I migliori mercatini di Natale in Germania","description":"Scopri cinque fantastici mercatini di Natale tedeschi che esaudiranno ogni tuo desiderio natalizio.","robots":{"index":"index","follow":"follow","max-snippet":"max-snippet:-1","max-image-preview":"max-image-preview:large","max-video-preview":"max-video-preview:-1"},"canonical":"https:\/\/www.omio.it\/window-seat\/cultura-stili-di-vita\/i-migliori-mercatini-di-natale-in-germania\/","og_locale":"en_US","og_type":"article","og_title":"I migliori mercatini di Natale in Germania","og_description":"Scopri cinque fantastici mercatini di Natale tedeschi che esaudiranno ogni tuo desiderio natalizio.","og_url":"https:\/\/www.omio.it\/window-seat\/it\/cultura-stili-di-vita\/i-migliori-mercatini-di-natale-in-germania\/","og_site_name":"The Window Seat","article_published_time":"2021-11-01T00:00:00+00:00","article_modified_time":"2022-08-04T09:22:11+00:00","og_image":[{"width":2560,"height":1635,"url":"https:\/\/www.omio.it\/window-seat\/wp-content\/uploads\/2022\/04\/Lindauer-Hafenweihnacht-Foto-Wolfgang-Schneider-1-scaled.jpg","type":"image\/jpeg"}],"author":"Lisa Davidsson Weiertz","twitter_card":"summary_large_image","twitter_creator":"@parmarbadri07@gmail.com","twitter_misc":{"Written by":"Lisa Davidsson Weiertz","Est. reading time":"6 minutes"},"schema":{"@context":"https:\/\/schema.org","@graph":[{"@type":"WebPage","@id":"https:\/\/www.omio.it\/window-seat\/it\/cultura-stili-di-vita\/i-migliori-mercatini-di-natale-in-germania\/","url":"https:\/\/www.omio.it\/window-seat\/it\/cultura-stili-di-vita\/i-migliori-mercatini-di-natale-in-germania\/","name":"I migliori mercatini di Natale in Germania","isPartOf":{"@id":"https:\/\/www.omio.it\/window-seat\/#website"},"primaryImageOfPage":{"@id":"https:\/\/www.omio.it\/window-seat\/it\/cultura-stili-di-vita\/i-migliori-mercatini-di-natale-in-germania\/#primaryimage"},"image":{"@id":"https:\/\/www.omio.it\/window-seat\/it\/cultura-stili-di-vita\/i-migliori-mercatini-di-natale-in-germania\/#primaryimage"},"thumbnailUrl":"https:\/\/www.omio.it\/window-seat\/wp-content\/uploads\/2022\/04\/Lindauer-Hafenweihnacht-Foto-Wolfgang-Schneider-1-scaled.jpg","datePublished":"2021-11-01T00:00:00+00:00","dateModified":"2022-08-04T09:22:11+00:00","author":{"@id":"https:\/\/www.omio.it\/window-seat\/#\/schema\/person\/909aa82543d7586045a66797f1dbb234"},"description":"Scopri cinque fantastici mercatini di Natale tedeschi che esaudiranno ogni tuo desiderio natalizio.","breadcrumb":{"@id":"https:\/\/www.omio.it\/window-seat\/it\/cultura-stili-di-vita\/i-migliori-mercatini-di-natale-in-germania\/#breadcrumb"},"inLanguage":"en-US","potentialAction":[{"@type":"ReadAction","target":["https:\/\/www.omio.it\/window-seat\/it\/cultura-stili-di-vita\/i-migliori-mercatini-di-natale-in-germania\/"]}]},{"@type":"ImageObject","inLanguage":"en-US","@id":"https:\/\/www.omio.it\/window-seat\/it\/cultura-stili-di-vita\/i-migliori-mercatini-di-natale-in-germania\/#primaryimage","url":"https:\/\/www.omio.it\/window-seat\/wp-content\/uploads\/2022\/04\/Lindauer-Hafenweihnacht-Foto-Wolfgang-Schneider-1-scaled.jpg","contentUrl":"https:\/\/www.omio.it\/window-seat\/wp-content\/uploads\/2022\/04\/Lindauer-Hafenweihnacht-Foto-Wolfgang-Schneider-1-scaled.jpg","width":2560,"height":1635,"caption":"Ein Besuch auf dem Lindauer Weihnachtsmarkt am Bodensee steht im Dezember ganz oben auf unserer Wunschliste. Credit: Wolfgang Schneider"},{"@type":"BreadcrumbList","@id":"https:\/\/www.omio.it\/window-seat\/it\/cultura-stili-di-vita\/i-migliori-mercatini-di-natale-in-germania\/#breadcrumb","itemListElement":[{"@type":"ListItem","position":1,"name":"The Window Seat","item":"https:\/\/www.omio.it\/window-seat\/"},{"@type":"ListItem","position":2,"name":"Culture &amp; Lifestyle","item":"https:\/\/www.omio.it\/window-seat\/culture-lifestyle\/"},{"@type":"ListItem","position":3,"name":"Events","item":"https:\/\/www.omio.it\/window-seat\/culture-lifestyle\/events\/"},{"@type":"ListItem","position":4,"name":"I migliori mercatini di Natale in Germania"}]},{"@type":"WebSite","@id":"https:\/\/www.omio.it\/window-seat\/#website","url":"https:\/\/www.omio.it\/window-seat\/","name":"The Window Seat","description":"","potentialAction":[{"@type":"SearchAction","target":{"@type":"EntryPoint","urlTemplate":"https:\/\/www.omio.it\/window-seat\/?s={search_term_string}"},"query-input":{"@type":"PropertyValueSpecification","valueRequired":true,"valueName":"search_term_string"}}],"inLanguage":"en-US"},{"@type":"Person","@id":"https:\/\/www.omio.it\/window-seat\/#\/schema\/person\/909aa82543d7586045a66797f1dbb234","name":"Lisa Davidsson Weiertz","image":{"@type":"ImageObject","inLanguage":"en-US","@id":"https:\/\/www.omio.it\/window-seat\/#\/schema\/person\/image\/","url":"https:\/\/secure.gravatar.com\/avatar\/75051ae0825f553120babb541e9fd8b13402fe52f5179383b7b4a05eb59725d6?s=96&d=mm&r=g","contentUrl":"https:\/\/secure.gravatar.com\/avatar\/75051ae0825f553120babb541e9fd8b13402fe52f5179383b7b4a05eb59725d6?s=96&d=mm&r=g","caption":"Lisa Davidsson Weiertz"},"sameAs":["https:\/\/x.com\/parmarbadri07@gmail.com"]}]}},"_links":{"self":[{"href":"https:\/\/www.omio.it\/window-seat\/wp-json\/wp\/v2\/posts\/28361","targetHints":{"allow":["GET"]}}],"collection":[{"href":"https:\/\/www.omio.it\/window-seat\/wp-json\/wp\/v2\/posts"}],"about":[{"href":"https:\/\/www.omio.it\/window-seat\/wp-json\/wp\/v2\/types\/post"}],"author":[{"embeddable":true,"href":"https:\/\/www.omio.it\/window-seat\/wp-json\/wp\/v2\/users\/7"}],"replies":[{"embeddable":true,"href":"https:\/\/www.omio.it\/window-seat\/wp-json\/wp\/v2\/comments?post=28361"}],"version-history":[{"count":3,"href":"https:\/\/www.omio.it\/window-seat\/wp-json\/wp\/v2\/posts\/28361\/revisions"}],"predecessor-version":[{"id":37248,"href":"https:\/\/www.omio.it\/window-seat\/wp-json\/wp\/v2\/posts\/28361\/revisions\/37248"}],"wp:featuredmedia":[{"embeddable":true,"href":"https:\/\/www.omio.it\/window-seat\/wp-json\/wp\/v2\/media\/13659"}],"wp:attachment":[{"href":"https:\/\/www.omio.it\/window-seat\/wp-json\/wp\/v2\/media?parent=28361"}],"wp:term":[{"taxonomy":"category","embeddable":true,"href":"https:\/\/www.omio.it\/window-seat\/wp-json\/wp\/v2\/categories?post=28361"},{"taxonomy":"post_tag","embeddable":true,"href":"https:\/\/www.omio.it\/window-seat\/wp-json\/wp\/v2\/tags?post=28361"},{"taxonomy":"position_id","embeddable":true,"href":"https:\/\/www.omio.it\/window-seat\/wp-json\/wp\/v2\/position_ids?post=28361"}],"curies":[{"name":"wp","href":"https:\/\/api.w.org\/{rel}","templated":true}]}}