{"id":28443,"date":"2022-03-17T00:00:00","date_gmt":"2022-03-17T00:00:00","guid":{"rendered":"http:\/\/www.omio.it\/window-seat\/non-categorizzato\/un-tour-nel-quartiere-coppede"},"modified":"2022-05-10T15:03:27","modified_gmt":"2022-05-10T15:03:27","slug":"un-tour-nel-quartiere-coppede","status":"publish","type":"post","link":"https:\/\/www.omio.it\/window-seat\/it\/storia-arte\/un-tour-nel-quartiere-coppede\/","title":{"rendered":"Un tour nel quartiere Copped\u00e8"},"content":{"rendered":"\n<p>Rane. Fate. Gargoyle. Demoni e diplomatici. Torri medievali e sculture surreali. Il Quartiere Copped\u00e8 a Roma \u00e8 un luogo strano.&nbsp;<\/p>\n\n\n\n<p>Mentre cammino attraverso la sua entrata, un enorme arco ricoperto da minacciosi volti in pietra, vedo un gruppo di giovani studenti intenti a disegnare ci\u00f2 che li circonda nel sole pomeridiano. I loro occhi sono abituati allo strano stile architettonico che rende il \u201cquartiere fiabesco\u201d di Roma cos\u00ec unico.<\/p>\n\n\n\n<figure class=\"wp-block-gallery has-nested-images columns-default is-cropped wp-block-gallery-1 is-layout-flex wp-block-gallery-is-layout-flex\">\n<figure class=\"wp-block-image size-large\"><img decoding=\"async\" data-id=\"34552\" src=\"https:\/\/www.omio.it\/window-seat\/wp-content\/uploads\/2022\/04\/Tower-in-Coppede-1.jpg\" alt=\"\" class=\"wp-image-34552\"\/><figcaption>L&#8217;aspetto pi\u00f9 sorprendente del Quartiere Copped\u00e8 sono le sue architetture. Credit: Joey Tyson<\/figcaption><\/figure>\n\n\n\n<figure class=\"wp-block-image size-large\"><img decoding=\"async\" data-id=\"34558\" src=\"https:\/\/www.omio.it\/window-seat\/wp-content\/uploads\/2022\/04\/IMG_620.jpg\" alt=\"\" class=\"wp-image-34558\"\/><figcaption>Ogni facciata ha qualcosa di speciale&#8230; prenditi il tuo tempo per scoprire ogni dettaglio! Credit: Joey Tyson<\/figcaption><\/figure>\n<\/figure>\n\n\n\n<p>Dall\u2019esterno il Quartiere Copped\u00e8 sembra uno di quei castelli fantastici sognati da J.R.R. Tolkien. Due torri elaborate sorgono ai lati della colossale entrata ad arco. Al centro pende una lanterna in ferro battuto. All\u2019interno ti aspetta un labirinto di sorprese. Reminiscenze di Firenze e Venezia fuse alla perfezione con la Roma medievale. Gargoyle grotteschi e porte geometriche che ti faranno girare la testa. L\u2019opulenza dell\u2019Art Nouveau portata all\u2019estremo.<\/p>\n\n\n\n<p>In realt\u00e0, il Quartiere Copped\u00e8 consiste in un solo isolato. Un\u2019anomalia architettonica in una citt\u00e0 celebre per i monumenti che abbracciano tutte le epoche, e in particolare l\u2019antichit\u00e0. Situato tra i Parioli e il quartiere Salario-Trieste, e lontano anni luce dalle strade affollate dai turisti di Trastevere e del Centro Storico, il suo particolare accostamento di stili lo rende la destinazione ideale per un tour alternativo della Citt\u00e0 Eterna, nonch\u00e9 una tappa perfetta per ogni viaggio a<a href=\"https:\/\/www.omio.it\/window-seat\/guide-delle-citta\/roma\/\" target=\"_blank\" rel=\"noreferrer noopener\"> Roma<\/a>.<\/p>\n\n\n<div id=\"search-widget-overlay\" class=\"search-widget-overlay\">\r\n  <div class=\"search-widget-overlay__form\" data-search-widget-container>\r\n    <div class=\"search-widget-overlay__details\">\r\n      <button class=\"search-widget-overlay__close\" data-search-widget-close>\r\n        \u2715\r\n      <\/button>\r\n      <div class=\"search-widget-overlay__text\">\r\n        Roma      <\/div>\r\n    <\/div>\r\n\r\n  <\/div>\r\n<\/div>\r\n\r\n<div class=\"search-widget-cta\">\r\n  <button class=\"search-widget-cta__button\" data-search-widget-cta>\r\n    Viaggia a Roma  <\/button>\r\n<\/div>\n\n\n<p>Il Quartiere Copped\u00e8 deve il suo nome all\u2019uomo che lo ha creato, Gino Copped\u00e8, un architetto fiorentino dai gusti eccentrici. Progettato tra il 1915 e il 1927, questo luogo tranquillo \u00e8 il capolavoro di un architetto poco noto all\u2019estero.<\/p>\n\n\n\n<p>\u201cPensa a Gaud\u00ec a Barcellona. Mendelsohn in Germania. Gli architetti di quel periodo amavano mischiare e aggiungere elementi agli stili pi\u00f9 antichi, come il Neoclassicismo greco e romano\u201d, spiega Daniele Meledandri, una guida privata di Roma.<\/p>\n\n\n\n<p>Facciamo due passi fino a Piazza Mincio, al cui centro si trova la Fontana delle Rane, lo stravagante pezzo forte della piazza realizzato da Copped\u00e8. Un rimando alla tradizione e alla storia romana, le rane stanno sedute sul bordo del catino e fanno zampillare l\u2019acqua dentro alla fontana.<\/p>\n\n\n\n<figure class=\"wp-block-gallery has-nested-images columns-default is-cropped wp-block-gallery-2 is-layout-flex wp-block-gallery-is-layout-flex\">\n<figure class=\"wp-block-image size-large\"><img decoding=\"async\" data-id=\"34565\" src=\"https:\/\/www.omio.it\/window-seat\/wp-content\/uploads\/2022\/04\/Fountain-of-the-Frogs.jpg\" alt=\"\" class=\"wp-image-34565\"\/><figcaption>Lo sapevi? Si dice che dopo un concerto al Club Piper i Beatles si siano tuffati in questa fontana ancora completamente vestiti! Credit: Joey Tyson<\/figcaption><\/figure>\n<\/figure>\n\n\n\n<p>\u201cL\u2019acqua \u00e8 sempre stata importantissima nell\u2019antica Roma\u201d, continua Meledandri. \u201cIn ogni quartiere di Roma, ad esempio Trevi o Trastevere, si trova una fontana.&nbsp; Non servivano soltanto a offrire refrigerio o a fornire l\u2019acqua pubblica, ma avevano anche una funzione propagandistica\u201d.<\/p>\n\n\n\n<p>Pare che le fontane fossero un ottimo mezzo per le \u00e9lite (papi, imperatori e simili) per ricordare alla plebe la loro gloriosa benevolenza. Copped\u00e8 probabilmente aveva intenzione di fare ironia quando ha scelto di rendere gli anfibi protagonisti della sua creazione.<\/p>\n\n\n\n<p>I migliori esempi delle eccentriche opere dell\u2019architetto sorgono intorno a Piazza Mincio. Il Villino delle Fate, con i suoi elementi medievali che si estendono in altezza e i fregi dettagliati, sembra essere uscito direttamente da una fiaba, come il nome stesso suggerisce. Qui potrai divertirti a scovare dettagli della storia e della cultura italiana: cerca di individuare Romolo e Remo, i mitici fondatori di Roma, Dante e il leone di Venezia.<\/p>\n\n\n\n<figure class=\"wp-block-gallery has-nested-images columns-default is-cropped wp-block-gallery-3 is-layout-flex wp-block-gallery-is-layout-flex\">\n<figure class=\"wp-block-image size-large\"><img decoding=\"async\" data-id=\"34574\" src=\"https:\/\/www.omio.it\/window-seat\/wp-content\/uploads\/2022\/04\/Piazza-Mincio-scaled-1.jpg\" alt=\"\" class=\"wp-image-34574\"\/><figcaption>La piazza principale del quartiere, Piazza Mincio, \u00e8 uno dei gioielli nascosti di Roma. Credit: Joey Tyson<\/figcaption><\/figure>\n<\/figure>\n\n\n\n<p>A destra troverai il Palazzo del Ragno. Dalle fattezze chiaramente assire, con due imponenti colonne su ciascun lato dell\u2019entrata, cerca il dettaglio che ha dato il nome alla magione: un ragno dorato appostato sopra alla porta, al di sotto del volto solenne di qualche divinit\u00e0 sconosciuta. Progettati per gli ambasciatori e per le \u00e9lite, alcuni palazzi sono sede di ambasciate, mentre altri ospitano ricchi appartamenti.<\/p>\n\n\n\n<p>La zona circostante non \u00e8 un\u2019attrazione turistica. Il quartiere Trieste e i vicini Parioli sono due quartieri residenziali e tranquilli: qui non troverai folle in fibrillazione e lunghe code, ma vinerie di quartiere e ampi parchi, pinserie e bar ordinari, mercati locali e musei poco conosciuti. La Roma dei romani di oggi, non quella antica.<\/p>\n\n\n<div id=\"search-widget-overlay\" class=\"search-widget-overlay\">\r\n  <div class=\"search-widget-overlay__form\" data-search-widget-container>\r\n    <div class=\"search-widget-overlay__details\">\r\n      <button class=\"search-widget-overlay__close\" data-search-widget-close>\r\n        \u2715\r\n      <\/button>\r\n      <div class=\"search-widget-overlay__text\">\r\n        Roma      <\/div>\r\n    <\/div>\r\n\r\n  <\/div>\r\n<\/div>\r\n\r\n<div class=\"search-widget-cta\">\r\n  <button class=\"search-widget-cta__button\" data-search-widget-cta>\r\n    Viaggia a Roma  <\/button>\r\n<\/div>\n\n\n<figure class=\"wp-block-gallery has-nested-images columns-default is-cropped wp-block-gallery-4 is-layout-flex wp-block-gallery-is-layout-flex\">\n<figure class=\"wp-block-image size-large\"><img decoding=\"async\" data-id=\"34580\" src=\"https:\/\/www.omio.it\/window-seat\/wp-content\/uploads\/2022\/04\/IMG_62.jpg\" alt=\"\" class=\"wp-image-34580\"\/><figcaption>Per pranzo, fai un giro al mercato rionale di Via Alessandria. Credit: Joey Tyson<\/figcaption><\/figure>\n\n\n\n<figure class=\"wp-block-image size-large\"><img decoding=\"async\" data-id=\"34586\" src=\"https:\/\/www.omio.it\/window-seat\/wp-content\/uploads\/2022\/04\/IMG_6.jpg\" alt=\"\" class=\"wp-image-34586\"\/><figcaption>Al mercato troverai prodotti di stagione e un&#8217;atmosfera molto vivace. Credit: Joey Tyson<\/figcaption><\/figure>\n<\/figure>\n\n\n\n<p>E sebbene questa zona sia ideale per un city break alternativo a Roma, il centro storico non \u00e8 lontano. I maestosi giardini e gli impressionanti capolavori di Villa Borghese sono a soli 20 minuti a piedi, mentre il Vaticano, il Colosseo e il Pantheon sono facilmente raggiungibili con i trasporti pubblici se vuoi fare un tour di<a href=\"https:\/\/www.omio.it\/autobus\/roma?_ga=2.224402899.895670353.1644220316-1993742101.1635162919\" target=\"_blank\" rel=\"noreferrer noopener\"> Roma<\/a>.<\/p>\n\n\n\n<p>Dopo aver visitato il Copped\u00e8, mi fermo alla Caffetteria Susina, una tranquilla vineria di quartiere. Mentre inizia a fare buio, i tavoli si riempiono di persone uscite dal lavoro, che passano qui a bere qualcosa prima di tornare a casa. Passeggio con calma lungo gli ampi viali che dal quartiere Trieste portano a Parioli. Tra gli eleganti isolati scopro antichi sepolcri e monumenti in rovina, con gli emblematici pini marittimi di Roma che torreggiano sulle pareti dall\u2019intonaco che si sfoglia.<\/p>\n\n\n\n<figure class=\"wp-block-gallery has-nested-images columns-default is-cropped wp-block-gallery-5 is-layout-flex wp-block-gallery-is-layout-flex\">\n<figure class=\"wp-block-image size-large\"><img decoding=\"async\" data-id=\"34599\" src=\"https:\/\/www.omio.it\/window-seat\/wp-content\/uploads\/2022\/04\/Mansion-in-Coppede-2.jpg\" alt=\"\" class=\"wp-image-34599\"\/><figcaption>Tipici del Mediterraneo, i pini marittimi sono uno dei simboli di Roma. Credit: Joey Tyson<\/figcaption><\/figure>\n<\/figure>\n\n\n\n<p>Storicamente i Parioli sono un quartiere residenziale esclusivo, ma stanno iniziando a liberarsi dalla loro fama e ad attirare i giovani. Il The Hoxton, la catena di hotel alla moda londinese, ha da poco lanciato<a href=\"https:\/\/www.booking.com\/hotel\/it\/the-hoxton-rome.it.html?aid=356980&amp;label=gog235jc-1DCAsocUIPdGhlLWhveHRvbi1yb21lSAdYA2hxiAEBmAEHuAEXyAEM2AED6AEB-AECiAIBqAIDuAK50oOQBsACAdICJDlhNWE4NzIwLTdhMTctNDYwNi1iNDc3LTcxN2E3MDkxZjZiYdgCBOACAQ&amp;sid=78c9a9ee7d3aacc0a835371218d13bbc&amp;dist=0&amp;lang=it&amp;room1=A%2CA&amp;sb_price_type=total&amp;soz=1&amp;type=total&amp;lang_click=other;cdl=de;lang_changed=1\" target=\"_blank\" rel=\"noreferrer noopener\"> The Hoxton Rome<\/a>, il suo hotel pi\u00f9 recente<a href=\"https:\/\/www.booking.com\/hotel\/it\/the-hoxton-rome.en-gb.html?aid=304142;label=gen173nr-1DCAEoggI46AdIM1gEaHGIAQGYAQm4AQfIAQzYAQPoAQGIAgGoAgO4AtOK5Y8GwAIB0gIkNDE0NzFlZmYtYTU4OS00Y2Y5LWIzZjktYzY3Zjk0MmQ4Yjll2AIE4AIB;sid=6240768ff33a8d8e3f753c4dc82e74c9;dest_id=7118655;dest_type=hotel;dist=0;group_adults=2;group_children=0;hapos=1;hpos=1;no_rooms=1;req_adults=2;req_children=0;room1=A,A;sb_price_type=total;sr_order=popularity;srepoch=1643726221;srpvid=465d66c519b0000e;type=total;ucfs=1&amp;%23hotelTmpl\">,<\/a> proprio in questo quartiere. I suoi moderni spazi da bar e coworking sono una via di mezzo tra un film di Wes Anderson e un esclusivo cocktail bar newyorkese. Mi aspetto quasi di vedere Don Draper seduto in un angolo mentre butta gi\u00f9 un Old Fashioned. Invece sono circondato da una folla di millennial che digitano velocemente sulle loro tastiere tra un aperitivo e l\u2019altro.<\/p>\n\n\n\n<figure class=\"wp-block-gallery has-nested-images columns-default is-cropped wp-block-gallery-6 is-layout-flex wp-block-gallery-is-layout-flex\">\n<figure class=\"wp-block-image size-large\"><img decoding=\"async\" data-id=\"34606\" src=\"https:\/\/www.omio.it\/window-seat\/wp-content\/uploads\/2022\/04\/WF_Southwark_26May2021_Hot_Desking_0039-3.jpg\" alt=\"\" class=\"wp-image-34606\"\/><figcaption>Ammobiliato in stile vintage italiano e con terrazzi alla veneziana, The Hoxton Rome \u00e8 il luogo ideale in cui soggiornare per le tue vacanze romane. Credit: The Hoxton Rome<\/figcaption><\/figure>\n\n\n\n<figure class=\"wp-block-image size-large\"><img decoding=\"async\" data-id=\"34612\" src=\"https:\/\/www.omio.it\/window-seat\/wp-content\/uploads\/2022\/04\/day-bed.jpg\" alt=\"\" class=\"wp-image-34612\"\/><figcaption>I pavimenti in parquet, i lampadari in ottone e i colori accesi riprendono il classico stile italiano della met\u00e0 del secolo scorso. Credit: The Hoxton Rome<\/figcaption><\/figure>\n<\/figure>\n\n\n\n<p>Federica Pini, PR &amp; Brand Manager a The Hoxton Rome, spiega perch\u00e9 il quartiere sia perfetto per i viaggiatori che vogliono vivere<a href=\"https:\/\/www.omio.it\/viaggi\/roma?_ga=2.120143425.895670353.1644220316-1993742101.1635162919\" target=\"_blank\" rel=\"noreferrer noopener\"> Roma<\/a> come un local, senza perdersi le attrazioni pi\u00f9 celebri. \u201c\u00c8 un quartiere molto vivo. Si percepisce una sorta di passaggio da qualcosa di pi\u00f9 classico a qualcosa di pi\u00f9 contemporaneo\u201d, aggiunge.&nbsp;<\/p>\n\n\n\n<p>Nel vicino MACRO, uno dei musei di arte contemporanea pi\u00f9 importanti della citt\u00e0, il nuovo direttore artistico Luca Lo Pinto sta contribuendo a portare aria di novit\u00e0 nel quartiere. Diversamente dalla maggior parte dei musei italiani, MACRO \u00e8 a libero accesso. Ospitato in uno dei vecchi magazzini della Peroni, la sua collezione astratta di arte multimediale fa da contrasto ideale alle numerose gallerie di belle arti presenti in citt\u00e0.<\/p>\n\n\n<div id=\"search-widget-overlay\" class=\"search-widget-overlay\">\r\n  <div class=\"search-widget-overlay__form\" data-search-widget-container>\r\n    <div class=\"search-widget-overlay__details\">\r\n      <button class=\"search-widget-overlay__close\" data-search-widget-close>\r\n        \u2715\r\n      <\/button>\r\n      <div class=\"search-widget-overlay__text\">\r\n        Roma      <\/div>\r\n    <\/div>\r\n\r\n  <\/div>\r\n<\/div>\r\n\r\n<div class=\"search-widget-cta\">\r\n  <button class=\"search-widget-cta__button\" data-search-widget-cta>\r\n    Viaggia a Roma  <\/button>\r\n<\/div>\n\n\n<figure class=\"wp-block-gallery has-nested-images columns-default is-cropped wp-block-gallery-7 is-layout-flex wp-block-gallery-is-layout-flex\">\n<figure class=\"wp-block-image size-large\"><img decoding=\"async\" data-id=\"34618\" src=\"https:\/\/www.omio.it\/window-seat\/wp-content\/uploads\/2022\/04\/IMG_6206.jpg\" alt=\"\" class=\"wp-image-34618\"\/><figcaption>Accomodati all&#8217;aperto da Marziali e goditi il sole e la vista sugli eleganti edifici residenziali che affacciano su Piazza Caprera. Credit: Joey Tyson<\/figcaption><\/figure>\n<\/figure>\n\n\n\n<p>Pi\u00f9 tardi mi fermo da Marziali 1922 in Piazza Caprera per cenare. \u00c8 pienissimo. Classico cibo romano in un\u2019ambientazione moderna. Cacio e pepe e Carciofi alla Giudia. Parmigiana di melanzane. Polpo con cicoria. Seduta sotto una volta di piante ricadenti, la gente si sente a casa in questa atmosfera rilassata. Questa \u00e8 la Roma pi\u00f9 viva e pulsante. Il posto perfetto per vivere la citt\u00e0 nel suo aspetto pi\u00f9 autentico.<\/p>\n","protected":false},"excerpt":{"rendered":"<p>Rane. Fate. Gargoyle. Demoni e diplomatici. Torri medievali e sculture surreali. Il Quartiere Copped\u00e8 a Roma \u00e8 un luogo strano.&nbsp; Mentre cammino attraverso la sua entrata, un enorme arco ricoperto da minacciosi volti in pietra, vedo un gruppo di giovani studenti intenti a disegnare ci\u00f2 che li circonda nel sole pomeridiano. I loro occhi sono&hellip; <a class=\"more-link\" href=\"https:\/\/www.omio.it\/window-seat\/it\/storia-arte\/un-tour-nel-quartiere-coppede\/\">Continue reading <span class=\"screen-reader-text\">Un tour nel quartiere Copped\u00e8<\/span><\/a><\/p>\n","protected":false},"author":1,"featured_media":16653,"comment_status":"open","ping_status":"open","sticky":false,"template":"","format":"standard","meta":{"_acf_changed":false,"inline_featured_image":false,"footnotes":""},"categories":[2024,2008],"tags":[],"position_ids":[],"class_list":["post-28443","post","type-post","status-publish","format-standard","has-post-thumbnail","hentry","category-architettura","category-storia-arte","entry"],"acf":[],"yoast_head":"<!-- This site is optimized with the Yoast SEO plugin v24.9 - https:\/\/yoast.com\/wordpress\/plugins\/seo\/ -->\n<title>Un tour nel quartiere Copped\u00e8 | Omio<\/title>\n<meta name=\"robots\" content=\"index, follow, max-snippet:-1, max-image-preview:large, max-video-preview:-1\" \/>\n<link rel=\"canonical\" href=\"https:\/\/www.omio.it\/window-seat\/storia-arte\/un-tour-nel-quartiere-coppede\/\" \/>\n<meta property=\"og:locale\" content=\"en_US\" \/>\n<meta property=\"og:type\" content=\"article\" \/>\n<meta property=\"og:title\" content=\"Un tour nel quartiere Copped\u00e8 | Omio\" \/>\n<meta property=\"og:description\" content=\"Rane. Fate. Gargoyle. Demoni e diplomatici. Torri medievali e sculture surreali. Il Quartiere Copped\u00e8 a Roma \u00e8 un luogo strano.&nbsp; Mentre cammino attraverso la sua entrata, un enorme arco ricoperto da minacciosi volti in pietra, vedo un gruppo di giovani studenti intenti a disegnare ci\u00f2 che li circonda nel sole pomeridiano. I loro occhi sono&hellip; Continue reading Un tour nel quartiere Copped\u00e8\" \/>\n<meta property=\"og:url\" content=\"https:\/\/www.omio.it\/window-seat\/it\/storia-arte\/un-tour-nel-quartiere-coppede\/\" \/>\n<meta property=\"og:site_name\" content=\"The Window Seat\" \/>\n<meta property=\"article:published_time\" content=\"2022-03-17T00:00:00+00:00\" \/>\n<meta property=\"article:modified_time\" content=\"2022-05-10T15:03:27+00:00\" \/>\n<meta property=\"og:image\" content=\"https:\/\/www.omio.it\/window-seat\/wp-content\/uploads\/2022\/04\/Coppede-entrance.jpg\" \/>\n\t<meta property=\"og:image:width\" content=\"1920\" \/>\n\t<meta property=\"og:image:height\" content=\"900\" \/>\n\t<meta property=\"og:image:type\" content=\"image\/jpeg\" \/>\n<meta name=\"author\" content=\"The Window Seat\" \/>\n<meta name=\"twitter:card\" content=\"summary_large_image\" \/>\n<meta name=\"twitter:label1\" content=\"Written by\" \/>\n\t<meta name=\"twitter:data1\" content=\"The Window Seat\" \/>\n\t<meta name=\"twitter:label2\" content=\"Est. reading time\" \/>\n\t<meta name=\"twitter:data2\" content=\"9 minutes\" \/>\n<script type=\"application\/ld+json\" class=\"yoast-schema-graph\">{\"@context\":\"https:\/\/schema.org\",\"@graph\":[{\"@type\":\"WebPage\",\"@id\":\"https:\/\/www.omio.it\/window-seat\/it\/storia-arte\/un-tour-nel-quartiere-coppede\/\",\"url\":\"https:\/\/www.omio.it\/window-seat\/it\/storia-arte\/un-tour-nel-quartiere-coppede\/\",\"name\":\"Un tour nel quartiere Copped\u00e8 | Omio\",\"isPartOf\":{\"@id\":\"https:\/\/www.omio.it\/window-seat\/#website\"},\"primaryImageOfPage\":{\"@id\":\"https:\/\/www.omio.it\/window-seat\/it\/storia-arte\/un-tour-nel-quartiere-coppede\/#primaryimage\"},\"image\":{\"@id\":\"https:\/\/www.omio.it\/window-seat\/it\/storia-arte\/un-tour-nel-quartiere-coppede\/#primaryimage\"},\"thumbnailUrl\":\"https:\/\/www.omio.it\/window-seat\/wp-content\/uploads\/2022\/04\/Coppede-entrance.jpg\",\"datePublished\":\"2022-03-17T00:00:00+00:00\",\"dateModified\":\"2022-05-10T15:03:27+00:00\",\"author\":{\"@id\":\"https:\/\/www.omio.it\/window-seat\/#\/schema\/person\/8cd4686bf4ef930c7782ad55724cb9bc\"},\"breadcrumb\":{\"@id\":\"https:\/\/www.omio.it\/window-seat\/it\/storia-arte\/un-tour-nel-quartiere-coppede\/#breadcrumb\"},\"inLanguage\":\"en-US\",\"potentialAction\":[{\"@type\":\"ReadAction\",\"target\":[\"https:\/\/www.omio.it\/window-seat\/it\/storia-arte\/un-tour-nel-quartiere-coppede\/\"]}]},{\"@type\":\"ImageObject\",\"inLanguage\":\"en-US\",\"@id\":\"https:\/\/www.omio.it\/window-seat\/it\/storia-arte\/un-tour-nel-quartiere-coppede\/#primaryimage\",\"url\":\"https:\/\/www.omio.it\/window-seat\/wp-content\/uploads\/2022\/04\/Coppede-entrance.jpg\",\"contentUrl\":\"https:\/\/www.omio.it\/window-seat\/wp-content\/uploads\/2022\/04\/Coppede-entrance.jpg\",\"width\":1920,\"height\":900,\"caption\":\"Lasciati il rumore della citt\u00e0 alle spalle ed esplora la magia del quartiere Copped\u00e8 di Roma. Credit: Joey Tyson\"},{\"@type\":\"BreadcrumbList\",\"@id\":\"https:\/\/www.omio.it\/window-seat\/it\/storia-arte\/un-tour-nel-quartiere-coppede\/#breadcrumb\",\"itemListElement\":[{\"@type\":\"ListItem\",\"position\":1,\"name\":\"The Window Seat\",\"item\":\"https:\/\/www.omio.it\/window-seat\/\"},{\"@type\":\"ListItem\",\"position\":2,\"name\":\"History &amp; Art\",\"item\":\"https:\/\/www.omio.it\/window-seat\/history-art\/\"},{\"@type\":\"ListItem\",\"position\":3,\"name\":\"Architecture\",\"item\":\"https:\/\/www.omio.it\/window-seat\/history-art\/architecture-2\/\"},{\"@type\":\"ListItem\",\"position\":4,\"name\":\"Un tour nel quartiere Copped\u00e8\"}]},{\"@type\":\"WebSite\",\"@id\":\"https:\/\/www.omio.it\/window-seat\/#website\",\"url\":\"https:\/\/www.omio.it\/window-seat\/\",\"name\":\"The Window Seat\",\"description\":\"\",\"potentialAction\":[{\"@type\":\"SearchAction\",\"target\":{\"@type\":\"EntryPoint\",\"urlTemplate\":\"https:\/\/www.omio.it\/window-seat\/?s={search_term_string}\"},\"query-input\":{\"@type\":\"PropertyValueSpecification\",\"valueRequired\":true,\"valueName\":\"search_term_string\"}}],\"inLanguage\":\"en-US\"},{\"@type\":\"Person\",\"@id\":\"https:\/\/www.omio.it\/window-seat\/#\/schema\/person\/8cd4686bf4ef930c7782ad55724cb9bc\",\"name\":\"The Window Seat\",\"image\":{\"@type\":\"ImageObject\",\"inLanguage\":\"en-US\",\"@id\":\"https:\/\/www.omio.it\/window-seat\/#\/schema\/person\/image\/\",\"url\":\"https:\/\/secure.gravatar.com\/avatar\/fe8ef6a7192bfbdbf9c22e062f16ac1a235d0149740bc8f037d21ea511dbcd51?s=96&d=mm&r=g\",\"contentUrl\":\"https:\/\/secure.gravatar.com\/avatar\/fe8ef6a7192bfbdbf9c22e062f16ac1a235d0149740bc8f037d21ea511dbcd51?s=96&d=mm&r=g\",\"caption\":\"The Window Seat\"},\"sameAs\":[\"http:\/\/www.omio.it\/window-seat\"]}]}<\/script>\n<!-- \/ Yoast SEO plugin. -->","yoast_head_json":{"title":"Un tour nel quartiere Copped\u00e8 | Omio","robots":{"index":"index","follow":"follow","max-snippet":"max-snippet:-1","max-image-preview":"max-image-preview:large","max-video-preview":"max-video-preview:-1"},"canonical":"https:\/\/www.omio.it\/window-seat\/storia-arte\/un-tour-nel-quartiere-coppede\/","og_locale":"en_US","og_type":"article","og_title":"Un tour nel quartiere Copped\u00e8 | Omio","og_description":"Rane. Fate. Gargoyle. Demoni e diplomatici. Torri medievali e sculture surreali. Il Quartiere Copped\u00e8 a Roma \u00e8 un luogo strano.&nbsp; Mentre cammino attraverso la sua entrata, un enorme arco ricoperto da minacciosi volti in pietra, vedo un gruppo di giovani studenti intenti a disegnare ci\u00f2 che li circonda nel sole pomeridiano. I loro occhi sono&hellip; Continue reading Un tour nel quartiere Copped\u00e8","og_url":"https:\/\/www.omio.it\/window-seat\/it\/storia-arte\/un-tour-nel-quartiere-coppede\/","og_site_name":"The Window Seat","article_published_time":"2022-03-17T00:00:00+00:00","article_modified_time":"2022-05-10T15:03:27+00:00","og_image":[{"width":1920,"height":900,"url":"https:\/\/www.omio.it\/window-seat\/wp-content\/uploads\/2022\/04\/Coppede-entrance.jpg","type":"image\/jpeg"}],"author":"The Window Seat","twitter_card":"summary_large_image","twitter_misc":{"Written by":"The Window Seat","Est. reading time":"9 minutes"},"schema":{"@context":"https:\/\/schema.org","@graph":[{"@type":"WebPage","@id":"https:\/\/www.omio.it\/window-seat\/it\/storia-arte\/un-tour-nel-quartiere-coppede\/","url":"https:\/\/www.omio.it\/window-seat\/it\/storia-arte\/un-tour-nel-quartiere-coppede\/","name":"Un tour nel quartiere Copped\u00e8 | Omio","isPartOf":{"@id":"https:\/\/www.omio.it\/window-seat\/#website"},"primaryImageOfPage":{"@id":"https:\/\/www.omio.it\/window-seat\/it\/storia-arte\/un-tour-nel-quartiere-coppede\/#primaryimage"},"image":{"@id":"https:\/\/www.omio.it\/window-seat\/it\/storia-arte\/un-tour-nel-quartiere-coppede\/#primaryimage"},"thumbnailUrl":"https:\/\/www.omio.it\/window-seat\/wp-content\/uploads\/2022\/04\/Coppede-entrance.jpg","datePublished":"2022-03-17T00:00:00+00:00","dateModified":"2022-05-10T15:03:27+00:00","author":{"@id":"https:\/\/www.omio.it\/window-seat\/#\/schema\/person\/8cd4686bf4ef930c7782ad55724cb9bc"},"breadcrumb":{"@id":"https:\/\/www.omio.it\/window-seat\/it\/storia-arte\/un-tour-nel-quartiere-coppede\/#breadcrumb"},"inLanguage":"en-US","potentialAction":[{"@type":"ReadAction","target":["https:\/\/www.omio.it\/window-seat\/it\/storia-arte\/un-tour-nel-quartiere-coppede\/"]}]},{"@type":"ImageObject","inLanguage":"en-US","@id":"https:\/\/www.omio.it\/window-seat\/it\/storia-arte\/un-tour-nel-quartiere-coppede\/#primaryimage","url":"https:\/\/www.omio.it\/window-seat\/wp-content\/uploads\/2022\/04\/Coppede-entrance.jpg","contentUrl":"https:\/\/www.omio.it\/window-seat\/wp-content\/uploads\/2022\/04\/Coppede-entrance.jpg","width":1920,"height":900,"caption":"Lasciati il rumore della citt\u00e0 alle spalle ed esplora la magia del quartiere Copped\u00e8 di Roma. Credit: Joey Tyson"},{"@type":"BreadcrumbList","@id":"https:\/\/www.omio.it\/window-seat\/it\/storia-arte\/un-tour-nel-quartiere-coppede\/#breadcrumb","itemListElement":[{"@type":"ListItem","position":1,"name":"The Window Seat","item":"https:\/\/www.omio.it\/window-seat\/"},{"@type":"ListItem","position":2,"name":"History &amp; Art","item":"https:\/\/www.omio.it\/window-seat\/history-art\/"},{"@type":"ListItem","position":3,"name":"Architecture","item":"https:\/\/www.omio.it\/window-seat\/history-art\/architecture-2\/"},{"@type":"ListItem","position":4,"name":"Un tour nel quartiere Copped\u00e8"}]},{"@type":"WebSite","@id":"https:\/\/www.omio.it\/window-seat\/#website","url":"https:\/\/www.omio.it\/window-seat\/","name":"The Window Seat","description":"","potentialAction":[{"@type":"SearchAction","target":{"@type":"EntryPoint","urlTemplate":"https:\/\/www.omio.it\/window-seat\/?s={search_term_string}"},"query-input":{"@type":"PropertyValueSpecification","valueRequired":true,"valueName":"search_term_string"}}],"inLanguage":"en-US"},{"@type":"Person","@id":"https:\/\/www.omio.it\/window-seat\/#\/schema\/person\/8cd4686bf4ef930c7782ad55724cb9bc","name":"The Window Seat","image":{"@type":"ImageObject","inLanguage":"en-US","@id":"https:\/\/www.omio.it\/window-seat\/#\/schema\/person\/image\/","url":"https:\/\/secure.gravatar.com\/avatar\/fe8ef6a7192bfbdbf9c22e062f16ac1a235d0149740bc8f037d21ea511dbcd51?s=96&d=mm&r=g","contentUrl":"https:\/\/secure.gravatar.com\/avatar\/fe8ef6a7192bfbdbf9c22e062f16ac1a235d0149740bc8f037d21ea511dbcd51?s=96&d=mm&r=g","caption":"The Window Seat"},"sameAs":["http:\/\/www.omio.it\/window-seat"]}]}},"_links":{"self":[{"href":"https:\/\/www.omio.it\/window-seat\/wp-json\/wp\/v2\/posts\/28443","targetHints":{"allow":["GET"]}}],"collection":[{"href":"https:\/\/www.omio.it\/window-seat\/wp-json\/wp\/v2\/posts"}],"about":[{"href":"https:\/\/www.omio.it\/window-seat\/wp-json\/wp\/v2\/types\/post"}],"author":[{"embeddable":true,"href":"https:\/\/www.omio.it\/window-seat\/wp-json\/wp\/v2\/users\/1"}],"replies":[{"embeddable":true,"href":"https:\/\/www.omio.it\/window-seat\/wp-json\/wp\/v2\/comments?post=28443"}],"version-history":[{"count":2,"href":"https:\/\/www.omio.it\/window-seat\/wp-json\/wp\/v2\/posts\/28443\/revisions"}],"predecessor-version":[{"id":32437,"href":"https:\/\/www.omio.it\/window-seat\/wp-json\/wp\/v2\/posts\/28443\/revisions\/32437"}],"wp:featuredmedia":[{"embeddable":true,"href":"https:\/\/www.omio.it\/window-seat\/wp-json\/wp\/v2\/media\/16653"}],"wp:attachment":[{"href":"https:\/\/www.omio.it\/window-seat\/wp-json\/wp\/v2\/media?parent=28443"}],"wp:term":[{"taxonomy":"category","embeddable":true,"href":"https:\/\/www.omio.it\/window-seat\/wp-json\/wp\/v2\/categories?post=28443"},{"taxonomy":"post_tag","embeddable":true,"href":"https:\/\/www.omio.it\/window-seat\/wp-json\/wp\/v2\/tags?post=28443"},{"taxonomy":"position_id","embeddable":true,"href":"https:\/\/www.omio.it\/window-seat\/wp-json\/wp\/v2\/position_ids?post=28443"}],"curies":[{"name":"wp","href":"https:\/\/api.w.org\/{rel}","templated":true}]}}