{"id":28448,"date":"2022-04-08T00:00:00","date_gmt":"2022-04-08T00:00:00","guid":{"rendered":"http:\/\/www.omio.it\/window-seat\/non-categorizzato\/bucoliche-localita-idilliache-in-europa"},"modified":"2022-05-10T15:03:52","modified_gmt":"2022-05-10T15:03:52","slug":"bucoliche-localita-idilliache-in-europa","status":"publish","type":"post","link":"https:\/\/www.omio.it\/window-seat\/it\/cultura-stili-di-vita\/bucoliche-localita-idilliache-in-europa\/","title":{"rendered":"Le bucoliche: scopri cinque localit\u00e0 rurali e idilliache in Europa"},"content":{"rendered":"\n<p>La campagna \u00e8 da sempre sinonimo di vita e raccolto. E al di l\u00e0 dei paesaggi mozzafiato, ogni destinazione rurale ha qualcosa di unico da offrire oltre a un luogo nel quale ritrovare la serenit\u00e0.<\/p>\n\n\n\n<p>Dai villaggi arroccati della Riviera francese fino al cuore verde dell\u2019Italia, preparati per un viaggio in cinque diversi Paesi con un\u2019unica destinazione: la natura.<\/p>\n\n\n\n<p><strong><strong>I villaggi arroccati della Costa Azzurra (Francia)<\/strong><\/strong><\/p>\n\n\n\n<p>Dimenticati di Cannes o Nizza, e visita invece<a href=\"https:\/\/www.omio.it\/?arrival_fk=438211&amp;_ga=2.27182527.362682710.1646675133-1993742101.1635162919\" target=\"_blank\" rel=\"noreferrer noopener\"> \u00c8ze<\/a>, un bucolico villaggio pedonale a strapiombo sul mare situato a 400 m di altezza. Perditi tra le sue tortuose vie acciottolate con i loro archi e le case in pietra decorate da ceramiche colorate, viti ed edera, e vai a curiosare nelle gallerie d\u2019arte e negli atelier. Non perderti il paradisiaco Giardino Esotico di \u00c8ze, nel quale cactus, agavi, aloe e altre piante tropicali crescono rigogliose tra le rovine di un\u2019antica fortezza.<\/p>\n\n\n<div id=\"search-widget-overlay\" class=\"search-widget-overlay\">\r\n  <div class=\"search-widget-overlay__form\" data-search-widget-container>\r\n    <div class=\"search-widget-overlay__details\">\r\n      <button class=\"search-widget-overlay__close\" data-search-widget-close>\r\n        \u2715\r\n      <\/button>\r\n      <div class=\"search-widget-overlay__text\">\r\n        \u00c8ze      <\/div>\r\n    <\/div>\r\n\r\n  <\/div>\r\n<\/div>\r\n\r\n<div class=\"search-widget-cta\">\r\n  <button class=\"search-widget-cta__button\" data-search-widget-cta>\r\n    Viaggia a \u00c8ze  <\/button>\r\n<\/div>\n\n\n<figure class=\"wp-block-gallery has-nested-images columns-default is-cropped wp-block-gallery-1 is-layout-flex wp-block-gallery-is-layout-flex\">\n<figure class=\"wp-block-image size-large\"><img decoding=\"async\" data-id=\"36344\" src=\"https:\/\/www.omio.it\/window-seat\/wp-content\/uploads\/2022\/04\/shutterstock_1814916803-1-scaled.jpg\" alt=\"\" class=\"wp-image-36344\"\/><figcaption>Su Place du Planet troverai caratteristici atelier accanto all&#8217;unica fontana del villaggio. Credit: Shutterstock<\/figcaption><\/figure>\n\n\n\n<figure class=\"wp-block-image size-large\"><img decoding=\"async\" data-id=\"36350\" src=\"https:\/\/www.omio.it\/window-seat\/wp-content\/uploads\/2022\/04\/shutterstock_1210573549-1-scaled.jpg\" alt=\"\" class=\"wp-image-36350\"\/><figcaption>Le stradine medievali ricoperte di fiori rendono \u00c8ze ancora pi\u00f9 idilliaca. Credit: Shutterstock<\/figcaption><\/figure>\n<\/figure>\n\n\n\n<p>Nei pressi del confine italiano, a circa 800 m sul livello del mare, si trova<a href=\"https:\/\/www.omio.it\/?departure_fk=379691&amp;arrival_fk=433505&amp;_ga=2.232653725.362682710.1646675133-1993742101.1635162919\" target=\"_blank\" rel=\"noreferrer noopener\"> Tenda<\/a>, un pittoresco villaggio della Val Roia. Dopo aver visitato l\u2019antico borgo medievale e la chiesa barocca di Notre-Dame de l&#8217;Assomption, sali fino alla Valle delle Meraviglie, un sito archeologico di origine glaciale situato sul Monte Bego e ricco di laghi e di incisioni rupestri risalenti all\u2019et\u00e0 del bronzo. E se vuoi riposarti un po\u2019, fai una sosta in uno dei rifugi lungo la strada.<\/p>\n\n\n\n<figure class=\"wp-block-gallery has-nested-images columns-default is-cropped wp-block-gallery-2 is-layout-flex wp-block-gallery-is-layout-flex\">\n<figure class=\"wp-block-image size-large\"><img decoding=\"async\" data-id=\"36358\" src=\"https:\/\/www.omio.it\/window-seat\/wp-content\/uploads\/2022\/04\/shutterstock_1116232331-1-scaled.jpg\" alt=\"\" class=\"wp-image-36358\"\/><figcaption>Il campanile di Notre-Dame de l\u2019Assomption \u00e8 visibile da qualunque punto di Tenda grazie al suo singolare mix di colori accesi e tonalit\u00e0 oro. Credit: Shutterstock<\/figcaption><\/figure>\n<\/figure>\n\n\n\n<p><strong><strong>Le verdi pendici delle Highlands (Scozia)<\/strong><\/strong><\/p>\n\n\n\n<p><a href=\"https:\/\/www.omio.it\/?arrival_fk=380360&amp;_ga=2.39726625.362682710.1646675133-1993742101.1635162919\" target=\"_blank\" rel=\"noreferrer noopener\">Fort William<\/a>, nota come la \u201ccapitale outdoor del Regno Unito\u201d, \u00e8 situata nei pressi del Loch Linnhe e del maestoso Ben Nevis, la cima pi\u00f9 alta del Paese.<\/p>\n\n\n<div id=\"search-widget-overlay\" class=\"search-widget-overlay\">\r\n  <div class=\"search-widget-overlay__form\" data-search-widget-container>\r\n    <div class=\"search-widget-overlay__details\">\r\n      <button class=\"search-widget-overlay__close\" data-search-widget-close>\r\n        \u2715\r\n      <\/button>\r\n      <div class=\"search-widget-overlay__text\">\r\n        Fort William      <\/div>\r\n    <\/div>\r\n\r\n  <\/div>\r\n<\/div>\r\n\r\n<div class=\"search-widget-cta\">\r\n  <button class=\"search-widget-cta__button\" data-search-widget-cta>\r\n    Viaggia a Fort William  <\/button>\r\n<\/div>\n\n\n<figure class=\"wp-block-gallery has-nested-images columns-default is-cropped wp-block-gallery-3 is-layout-flex wp-block-gallery-is-layout-flex\">\n<figure class=\"wp-block-image size-large\"><img decoding=\"async\" data-id=\"36365\" src=\"https:\/\/www.omio.it\/window-seat\/wp-content\/uploads\/2022\/04\/shutterstock_134943515-1-scaled.jpg\" alt=\"\" class=\"wp-image-36365\"\/><figcaption>Le valli verdi delle Highlands con le loro colline che si estendono a perdita d&#8217;occhio sono il luogo perfetto in cui immergersi nella natura. Credit: Shutterstock<\/figcaption><\/figure>\n\n\n\n<figure class=\"wp-block-image size-large\"><img decoding=\"async\" data-id=\"36372\" src=\"https:\/\/www.omio.it\/window-seat\/wp-content\/uploads\/2022\/04\/shutterstock_788602192-2-scaled.jpg\" alt=\"\" class=\"wp-image-36372\"\/><figcaption>Lo storico castello Stalker, risalente al XIV secolo, \u00e8 adagiato sulle rive del Loch Linnhe ed \u00e8 accessibile solo con la bassa marea. Credit:Shutterstock<\/figcaption><\/figure>\n<\/figure>\n\n\n\n<p>Qui gli amanti dell\u2019avventura possono immergersi nella natura selvaggia e ammirare i suggestivi paesaggi delle Highlands. Gli escursionisti esperti possono avventurarsi in una camminata di circa 19 km fino alla cima del Ben Nevis, attraversando la Valle del Glen Nevis, uno dei luoghi pi\u00f9 suggestivi che hanno fatto da sfondo al film <em>Braveheart<\/em>. Goditi una passeggiata intorno al Loch Linnhe o fai un\u2019<a href=\"https:\/\/www.getyourguide.it\/fort-william-l32181\/fort-william-croisiere-sur-le-loch-linnhe-avec-boisson-chaude-t408246\/?visitor-id=NSRXEJ7S72U8OG8OKYR7OVO7HL7IL5DH&amp;locale_autoredirect_optout=true\" target=\"_blank\" rel=\"noreferrer noopener\">escursione in barca<\/a> per andare ad ammirare le foche di Blackrock e le aquile reali.<\/p>\n\n\n\n<figure class=\"wp-block-gallery has-nested-images columns-default is-cropped wp-block-gallery-4 is-layout-flex wp-block-gallery-is-layout-flex\">\n<figure class=\"wp-block-image size-large\"><img decoding=\"async\" data-id=\"36378\" src=\"https:\/\/www.omio.it\/window-seat\/wp-content\/uploads\/2022\/04\/cruiselochlinnhe.co_.uk_elsie-facts_.jpeg\" alt=\"\" class=\"wp-image-36378\"\/><figcaption>Sali su una barca e naviga tra le numerose isole del Loch Linnhe, dove potrai ammirare la fauna e la flora selvatiche. Credit: Cruiselochlinnhe.co.uk<\/figcaption><\/figure>\n\n\n\n<figure class=\"wp-block-image size-large\"><img decoding=\"async\" data-id=\"36385\" src=\"https:\/\/www.omio.it\/window-seat\/wp-content\/uploads\/2022\/04\/shutterstock_1784464334-1-scaled.jpg\" alt=\"\" class=\"wp-image-36385\"\/><figcaption>Il viadotto Glenfinnan \u00e8 una delle attrazioni pi\u00f9 famose delle Highlands. Credit: Shutterstock<\/figcaption><\/figure>\n<\/figure>\n\n\n\n<p>Termina il tuo viaggio a Glenfinnan, sulle orme di Harry Potter. A nord del villaggio scozzese troverai il viadotto di Glenfinnan, sul quale transita il Jacobite Express, meglio noto come Hogwarts Express. Per uno scatto perfetto non perderti la locomotiva a vapore in transito sul viadotto intorno alle 10:15!<\/p>\n\n\n\n<p><strong><strong>Le meraviglie storiche dell\u2019Umbria (Italia)<\/strong><\/strong><\/p>\n\n\n\n<p>Una delle cittadine italiane pi\u00f9 ricche in termini di arte e patrimonio culturale,<a href=\"https:\/\/www.omio.it\/treni\/orvieto?_ga=2.237896194.362682710.1646675133-1993742101.1635162919\" target=\"_blank\" rel=\"noreferrer noopener\"> Orvieto<\/a> fin dal IX secolo a.C. ha visto passare Etruschi, Goti, Bizantini e Longobardi. Dallo splendido duomo gotico intitolato a Santa Maria Assunta in Cielo fino ai palazzi medievali, sono innumerevoli le meraviglie architettoniche cittadine che troverai ad aspettarti. Antico quanto la citt\u00e0 stessa, il vino bianco locale non \u00e8 da meno. L\u2019usanza di conservare il vino nelle cantine sotterranee risale addirittura all\u2019epoca etrusca. Con dolci note fruttate alla pesca, il vino Orvieto DOC si ottiene esclusivamente dai vitigni locali Grechetto e Procanico.<\/p>\n\n\n<div id=\"search-widget-overlay\" class=\"search-widget-overlay\">\r\n  <div class=\"search-widget-overlay__form\" data-search-widget-container>\r\n    <div class=\"search-widget-overlay__details\">\r\n      <button class=\"search-widget-overlay__close\" data-search-widget-close>\r\n        \u2715\r\n      <\/button>\r\n      <div class=\"search-widget-overlay__text\">\r\n        Orvieto      <\/div>\r\n    <\/div>\r\n\r\n  <\/div>\r\n<\/div>\r\n\r\n<div class=\"search-widget-cta\">\r\n  <button class=\"search-widget-cta__button\" data-search-widget-cta>\r\n    Viaggia a Orvieto  <\/button>\r\n<\/div>\n\n\n<figure class=\"wp-block-gallery has-nested-images columns-default is-cropped wp-block-gallery-5 is-layout-flex wp-block-gallery-is-layout-flex\">\n<figure class=\"wp-block-image size-large\"><img decoding=\"async\" data-id=\"36391\" src=\"https:\/\/www.omio.it\/window-seat\/wp-content\/uploads\/2022\/04\/shutterstock_1116193754-1-scaled.jpg\" alt=\"\" class=\"wp-image-36391\"\/><figcaption>Lasciati sorprendere dalla facciata decorata da mosaici, porte in bronzo e rosoni della cattedrale in stile romanico-gotico di Santa Maria Assunta in Cielo, su Piazza Duomo. Credit: Shutterstock<\/figcaption><\/figure>\n<\/figure>\n\n\n\n<p>A<a href=\"https:\/\/www.omio.it\/?arrival_fk=444543&amp;_ga=2.229073566.362682710.1646675133-1993742101.1635162919\" target=\"_blank\" rel=\"noreferrer noopener\"> Spello<\/a>, una cittadina fortificata nella quale l\u2019architettura medievale e romana si fondono alla perfezione, avrai l\u2019impressione di tornare indietro nel tempo grazie alle tortuose stradine adornate da fiori, alle case in pietra, agli archi e alle rovine romane. Spello \u00e8 nota per la sua Infiorata, la coloratissima festa tradizionale durante la quale le strade si trasformano in un giardino fiorito composto da motivi e quadri realizzati con fiori raccolti sulle pendici del Monte Subasio e dell\u2019Appennino umbro-marchigiano.<\/p>\n\n\n<div id=\"search-widget-overlay\" class=\"search-widget-overlay\">\r\n  <div class=\"search-widget-overlay__form\" data-search-widget-container>\r\n    <div class=\"search-widget-overlay__details\">\r\n      <button class=\"search-widget-overlay__close\" data-search-widget-close>\r\n        \u2715\r\n      <\/button>\r\n      <div class=\"search-widget-overlay__text\">\r\n        Spello      <\/div>\r\n    <\/div>\r\n\r\n  <\/div>\r\n<\/div>\r\n\r\n<div class=\"search-widget-cta\">\r\n  <button class=\"search-widget-cta__button\" data-search-widget-cta>\r\n    Viaggia a Spello  <\/button>\r\n<\/div>\n\n\n<figure class=\"wp-block-gallery has-nested-images columns-default is-cropped wp-block-gallery-6 is-layout-flex wp-block-gallery-is-layout-flex\">\n<figure class=\"wp-block-image size-large\"><img decoding=\"async\" data-id=\"36399\" src=\"https:\/\/www.omio.it\/window-seat\/wp-content\/uploads\/2022\/04\/shutterstock_1433034767-1-scaled.jpg\" alt=\"\" class=\"wp-image-36399\"\/><figcaption>Porta Venere, una delle sei porte cittadine, si trova nella parte pi\u00f9 occidentale di Spello ed \u00e8 perfettamente conservata con le sue torri di epoca romana. Credit: Shutterstock<\/figcaption><\/figure>\n<\/figure>\n\n\n\n<figure class=\"wp-block-gallery has-nested-images columns-default is-cropped wp-block-gallery-7 is-layout-flex wp-block-gallery-is-layout-flex\">\n<figure class=\"wp-block-image size-large\"><img decoding=\"async\" data-id=\"36406\" src=\"https:\/\/www.omio.it\/window-seat\/wp-content\/uploads\/2022\/04\/shutterstock_1188658441-1-scaled.jpg\" alt=\"\" class=\"wp-image-36406\"\/><figcaption>Concediti una passeggiata tranquilla tra le tortuose viuzze medievali di Spello. Credit:Shutterstock<\/figcaption><\/figure>\n\n\n\n<figure class=\"wp-block-image size-large\"><img decoding=\"async\" data-id=\"36412\" src=\"https:\/\/www.omio.it\/window-seat\/wp-content\/uploads\/2022\/04\/shutterstock_662371960-1-scaled.jpg\" alt=\"\" class=\"wp-image-36412\"\/><figcaption>Durante la festa dell&#8217;Infiorata un manto di fiori dai colori vivaci e dai profumi dolci ricopre Spello, che si mostra cos\u00ec nel suo lato pi\u00f9 idilliaco. Credit: Shutterstock<\/figcaption><\/figure>\n<\/figure>\n\n\n\n<p><strong><strong>Il romanticismo fiabesco della Renania-Palatinato (Germania)<\/strong><\/strong><\/p>\n\n\n\n<figure class=\"wp-block-gallery has-nested-images columns-default is-cropped wp-block-gallery-8 is-layout-flex wp-block-gallery-is-layout-flex\">\n<figure class=\"wp-block-image size-large\"><img decoding=\"async\" data-id=\"36418\" src=\"https:\/\/www.omio.it\/window-seat\/wp-content\/uploads\/2022\/04\/shutterstock_1750844999-1-scaled.jpg\" alt=\"\" class=\"wp-image-36418\"\/><figcaption>Il centro storico di Bacharach con le sue case a graticcio \u00e8 degno di una fiaba. Credit: Shutterstock<\/figcaption><\/figure>\n<\/figure>\n\n\n\n<p>In Renania-Palatinato, spesso definita la \u201cGermania romantica\u201d, la piccola cittadina di<a href=\"https:\/\/www.omio.it\/?arrival_fk=425632&amp;_ga=2.61875630.362682710.1646675133-1993742101.1635162919\" target=\"_blank\" rel=\"noreferrer noopener\"> Bacharach<\/a> \u00e8 adagiata pacificamente lungo le sponde del Reno, in un paesaggio caratterizzato da vigneti, vallate scavate dal fiume e castelli. Il centro storico \u00e8 un vero e proprio gioiello medievale che sembra uscito da un libro di fiabe, con le sue case a graticcio e gli edifici antichi sapientemente riqualificati nella forma di ristoranti e hotel con terrazza. Vai all\u2019Altk\u00f6lnischer Hof sulla piazza del mercato per provare i generosi piatti tradizionali tipici della zona del Reno, come la selvaggina preparata seconda la tipica ricetta locale. Per ammirare splendidi panorami sulla cittadina, imbocca il sentiero Stahlberg-Schleife, che parte dalle rovine della Wernerkapelle per poi snodarsi lungo i ripidi vigneti e fiancheggiare altri siti storici come il castello Stahleck, che oggi ospita un ostello della giovent\u00f9.<\/p>\n\n\n<div id=\"search-widget-overlay\" class=\"search-widget-overlay\">\r\n  <div class=\"search-widget-overlay__form\" data-search-widget-container>\r\n    <div class=\"search-widget-overlay__details\">\r\n      <button class=\"search-widget-overlay__close\" data-search-widget-close>\r\n        \u2715\r\n      <\/button>\r\n      <div class=\"search-widget-overlay__text\">\r\n        Bacharach      <\/div>\r\n    <\/div>\r\n\r\n  <\/div>\r\n<\/div>\r\n\r\n<div class=\"search-widget-cta\">\r\n  <button class=\"search-widget-cta__button\" data-search-widget-cta>\r\n    Viaggia a Bacharach  <\/button>\r\n<\/div>\n\n\n<figure class=\"wp-block-gallery has-nested-images columns-default is-cropped wp-block-gallery-9 is-layout-flex wp-block-gallery-is-layout-flex\">\n<figure class=\"wp-block-image size-large\"><img decoding=\"async\" data-id=\"36425\" src=\"https:\/\/www.omio.it\/window-seat\/wp-content\/uploads\/2022\/04\/shutterstock_1810857826-1-scaled.jpg\" alt=\"\" class=\"wp-image-36425\"\/><figcaption>Immerso nel verde dei vigneti e nella magia delle case a graticcio, ti dimenticherai del mondo esterno. <br>Credit: Shutterstock<\/figcaption><\/figure>\n<\/figure>\n\n\n\n<p>Incantevole quanto Bacharach, ma pi\u00f9 colorata,<a href=\"https:\/\/www.omio.it\/?arrival_fk=424696&amp;_ga=2.39718433.362682710.1646675133-1993742101.1635162919\" target=\"_blank\" rel=\"noreferrer noopener\"> Cochem<\/a> \u00e8 situata poco pi\u00f9 a ovest, sulle sponde del fiume Mosella. Nel maestoso castello neogotico che si erge sulla collina che domina la citt\u00e0 \u00e8 possibile, dopo aver visitato i meravigliosi interni, partecipare a un banchetto medievale completo di camerieri in costume tradizionale. Se preferisci un\u2019esperienza pi\u00f9 tranquilla, ogni sabato sera alle 20:30 ha luogo un tour speciale del centro storico. Sar\u00e0 la guardia notturna di Cochem, in costume e con tanto di lanterna, corno e alabarda, che ti accompagner\u00e0 intrattenendoti con racconti di tempi remoti.<\/p>\n\n\n<div id=\"search-widget-overlay\" class=\"search-widget-overlay\">\r\n  <div class=\"search-widget-overlay__form\" data-search-widget-container>\r\n    <div class=\"search-widget-overlay__details\">\r\n      <button class=\"search-widget-overlay__close\" data-search-widget-close>\r\n        \u2715\r\n      <\/button>\r\n      <div class=\"search-widget-overlay__text\">\r\n        Cochem      <\/div>\r\n    <\/div>\r\n\r\n  <\/div>\r\n<\/div>\r\n\r\n<div class=\"search-widget-cta\">\r\n  <button class=\"search-widget-cta__button\" data-search-widget-cta>\r\n    Viaggia a Cochem  <\/button>\r\n<\/div>\n\n\n<figure class=\"wp-block-gallery has-nested-images columns-default is-cropped wp-block-gallery-10 is-layout-flex wp-block-gallery-is-layout-flex\">\n<figure class=\"wp-block-image size-large\"><img decoding=\"async\" data-id=\"36432\" src=\"https:\/\/www.omio.it\/window-seat\/wp-content\/uploads\/2022\/04\/shutterstock_538288828-1-scaled.jpg\" alt=\"\" class=\"wp-image-36432\"\/><figcaption>Con le sue casette colorate allineate sulle sponde della Mosella e lo storico castello in cima alla collina, Cochem \u00e8 un paradiso terrestre. Credit: Shutterstock<\/figcaption><\/figure>\n<\/figure>\n\n\n\n<p><strong><strong>Le cime e le valli delle Prealpi (Svizzera)<\/strong><\/strong><\/p>\n\n\n\n<figure class=\"wp-block-gallery has-nested-images columns-default is-cropped wp-block-gallery-11 is-layout-flex wp-block-gallery-is-layout-flex\">\n<figure class=\"wp-block-image size-large\"><img decoding=\"async\" data-id=\"36439\" src=\"https:\/\/www.omio.it\/window-seat\/wp-content\/uploads\/2022\/04\/shutterstock_1704651106-1.jpg\" alt=\"\" class=\"wp-image-36439\"\/><figcaption>Perditi nelle rigogliose campagne svizzere con le loro tradizioni a Gruy\u00e8res, un villaggio medievale nel quale non circolano automobili. Credit: Shutterstock<\/figcaption><\/figure>\n<\/figure>\n\n\n\n<p>Situato ai piedi delle Prealpi,<a href=\"https:\/\/www.omio.it\/?arrival_fk=415922&amp;_ga=2.261951247.362682710.1646675133-1993742101.1635162919\" target=\"_blank\" rel=\"noreferrer noopener\"> Gruy\u00e8res<\/a> \u00e8 un villaggio medievale nel quale ci si sposta soltanto a piedi. Lungo le sue vie acciottolate con case del XV e del XVII secolo regna un\u2019atmosfera rustica e tradizionale. Dopo aver visitato il castello, dove saranno cantastorie in costumi medievali a farti da guida, goditi una meritata pausa nel luogo d\u2019origine della groviera gustandoti questo delizioso formaggio da Gruy\u00e8re Traditions. Prova anche le altre specialit\u00e0 locali come la fonduta, i <em>r\u00f6sti<\/em> (frittelle di patate) o la <em>cro\u00fbte au fromage<\/em> (pane gratinato inzuppato nel vino e accompagnato da prosciutto).<\/p>\n\n\n<div id=\"search-widget-overlay\" class=\"search-widget-overlay\">\r\n  <div class=\"search-widget-overlay__form\" data-search-widget-container>\r\n    <div class=\"search-widget-overlay__details\">\r\n      <button class=\"search-widget-overlay__close\" data-search-widget-close>\r\n        \u2715\r\n      <\/button>\r\n      <div class=\"search-widget-overlay__text\">\r\n        Gruy\u00e8res      <\/div>\r\n    <\/div>\r\n\r\n  <\/div>\r\n<\/div>\r\n\r\n<div class=\"search-widget-cta\">\r\n  <button class=\"search-widget-cta__button\" data-search-widget-cta>\r\n    Viaggia a Gruy\u00e8res  <\/button>\r\n<\/div>\n\n\n<figure class=\"wp-block-gallery has-nested-images columns-default is-cropped wp-block-gallery-12 is-layout-flex wp-block-gallery-is-layout-flex\">\n<figure class=\"wp-block-image size-large\"><img decoding=\"async\" data-id=\"36446\" src=\"https:\/\/www.omio.it\/window-seat\/wp-content\/uploads\/2022\/04\/shutterstock_1798137319-1.jpg\" alt=\"\" class=\"wp-image-36446\"\/><figcaption>Le fortificazioni storiche e perfettamente conservate e le porte della citt\u00e0 medievale faranno da cornice al tuo viaggio nel tempo. Credit: Shutterstock<\/figcaption><\/figure>\n\n\n\n<figure class=\"wp-block-image size-large\"><img decoding=\"async\" data-id=\"36452\" src=\"https:\/\/www.omio.it\/window-seat\/wp-content\/uploads\/2022\/04\/shutterstock_1647217222-1-scaled.jpg\" alt=\"\" class=\"wp-image-36452\"\/><figcaption>Cheese! Nella patria della groviera troverai un generoso banchetto ad aspettarti con tutte le variet\u00e0 possibili e immaginabili di fonduta e raclette svizzera. Credit: Shutterstock<\/figcaption><\/figure>\n<\/figure>\n\n\n\n<p>Nella Svizzera italiana lasciati sorprendere dai paesaggi mozzafiato dell\u2019antico villaggio di pescatori di Morcote. Se la sua parte bassa \u00e8 caratterizzata dalla residenze signorili e dai portici lungo il Lago di Lugano, la parte alta domina il villaggio con la chiesa di Santa Maria del Sasso in cima alla collina.<\/p>\n\n\n<div id=\"search-widget-overlay\" class=\"search-widget-overlay\">\r\n  <div class=\"search-widget-overlay__form\" data-search-widget-container>\r\n    <div class=\"search-widget-overlay__details\">\r\n      <button class=\"search-widget-overlay__close\" data-search-widget-close>\r\n        \u2715\r\n      <\/button>\r\n      <div class=\"search-widget-overlay__text\">\r\n        Svizzera      <\/div>\r\n    <\/div>\r\n\r\n  <\/div>\r\n<\/div>\r\n\r\n<div class=\"search-widget-cta\">\r\n  <button class=\"search-widget-cta__button\" data-search-widget-cta>\r\n    Viaggia in Svizzera  <\/button>\r\n<\/div>\n\n\n<figure class=\"wp-block-gallery has-nested-images columns-default is-cropped wp-block-gallery-13 is-layout-flex wp-block-gallery-is-layout-flex\">\n<figure class=\"wp-block-image size-large\"><img decoding=\"async\" data-id=\"36460\" src=\"https:\/\/www.omio.it\/window-seat\/wp-content\/uploads\/2022\/04\/shutterstock_2066454074-1-scaled.jpg\" alt=\"\" class=\"wp-image-36460\"\/><figcaption>Sulle sponde del Lago di Lugano, le viuzze con archi ospitano negozi, ristoranti e caff\u00e8. Credit: Shutterstock<\/figcaption><\/figure>\n\n\n\n<figure class=\"wp-block-image size-large\"><img decoding=\"async\" data-id=\"36467\" src=\"https:\/\/www.omio.it\/window-seat\/wp-content\/uploads\/2022\/04\/shutterstock_1426378949-1-scaled.jpg\" alt=\"\" class=\"wp-image-36467\"\/><figcaption>Dallo Scherrer Park di Morcote potrai godere di panorami mozzafiato sulla natura circostante. Credit: Shutterstock<\/figcaption><\/figure>\n<\/figure>\n\n\n\n<p>Raggiungi questo gioiello rinascimentale risalendo i 400 scalini, e sarai ricompensato da una vista indimenticabile sul lago. Non perderti lo Scherrer, un piccolo angolo di paradiso nel quale palme, eucalipti, camelie e molte altre piante crescono rigogliosi.<\/p>\n","protected":false},"excerpt":{"rendered":"<p>La campagna \u00e8 da sempre sinonimo di vita e raccolto. E al di l\u00e0 dei paesaggi mozzafiato, ogni destinazione rurale ha qualcosa di unico da offrire oltre a un luogo nel quale ritrovare la serenit\u00e0. Dai villaggi arroccati della Riviera francese fino al cuore verde dell\u2019Italia, preparati per un viaggio in cinque diversi Paesi con&hellip; <a class=\"more-link\" href=\"https:\/\/www.omio.it\/window-seat\/it\/cultura-stili-di-vita\/bucoliche-localita-idilliache-in-europa\/\">Continue reading <span class=\"screen-reader-text\">Le bucoliche: scopri cinque localit\u00e0 rurali e idilliache in Europa<\/span><\/a><\/p>\n","protected":false},"author":10,"featured_media":18783,"comment_status":"open","ping_status":"open","sticky":false,"template":"","format":"standard","meta":{"_acf_changed":false,"inline_featured_image":false,"footnotes":""},"categories":[1992,1988],"tags":[],"position_ids":[],"class_list":["post-28448","post","type-post","status-publish","format-standard","has-post-thumbnail","hentry","category-benessere","category-cultura-stili-di-vita","entry"],"acf":[],"yoast_head":"<!-- This site is optimized with the Yoast SEO plugin v24.9 - https:\/\/yoast.com\/wordpress\/plugins\/seo\/ -->\n<title>Le bucoliche: scopri cinque localit\u00e0 rurali e idilliache in Europa<\/title>\n<meta name=\"description\" content=\"Le bucoliche: dalla Costa Azzurra alla Renania, scopri cinque localit\u00e0 idilliache in Europa dove rilassarsi e godersi la natura\" \/>\n<meta name=\"robots\" content=\"index, follow, max-snippet:-1, max-image-preview:large, max-video-preview:-1\" \/>\n<link rel=\"canonical\" href=\"https:\/\/www.omio.it\/window-seat\/cultura-stili-di-vita\/bucoliche-localita-idilliache-in-europa\/\" \/>\n<meta property=\"og:locale\" content=\"en_US\" \/>\n<meta property=\"og:type\" content=\"article\" \/>\n<meta property=\"og:title\" content=\"Le bucoliche: scopri cinque localit\u00e0 rurali e idilliache in Europa\" \/>\n<meta property=\"og:description\" content=\"Le bucoliche: dalla Costa Azzurra alla Renania, scopri cinque localit\u00e0 idilliache in Europa dove rilassarsi e godersi la natura\" \/>\n<meta property=\"og:url\" content=\"https:\/\/www.omio.it\/window-seat\/it\/cultura-stili-di-vita\/bucoliche-localita-idilliache-in-europa\/\" \/>\n<meta property=\"og:site_name\" content=\"The Window Seat\" \/>\n<meta property=\"article:published_time\" content=\"2022-04-08T00:00:00+00:00\" \/>\n<meta property=\"article:modified_time\" content=\"2022-05-10T15:03:52+00:00\" \/>\n<meta property=\"og:image\" content=\"https:\/\/www.omio.it\/window-seat\/wp-content\/uploads\/2022\/04\/shutterstock_1815299456-1024x683.jpg\" \/>\n\t<meta property=\"og:image:width\" content=\"1024\" \/>\n\t<meta property=\"og:image:height\" content=\"683\" \/>\n\t<meta property=\"og:image:type\" content=\"image\/jpeg\" \/>\n<meta name=\"author\" content=\"Melek Carkaci\" \/>\n<meta name=\"twitter:card\" content=\"summary_large_image\" \/>\n<meta name=\"twitter:label1\" content=\"Written by\" \/>\n\t<meta name=\"twitter:data1\" content=\"Melek Carkaci\" \/>\n\t<meta name=\"twitter:label2\" content=\"Est. reading time\" \/>\n\t<meta name=\"twitter:data2\" content=\"12 minutes\" \/>\n<script type=\"application\/ld+json\" class=\"yoast-schema-graph\">{\"@context\":\"https:\/\/schema.org\",\"@graph\":[{\"@type\":\"WebPage\",\"@id\":\"https:\/\/www.omio.it\/window-seat\/it\/cultura-stili-di-vita\/bucoliche-localita-idilliache-in-europa\/\",\"url\":\"https:\/\/www.omio.it\/window-seat\/it\/cultura-stili-di-vita\/bucoliche-localita-idilliache-in-europa\/\",\"name\":\"Le bucoliche: scopri cinque localit\u00e0 rurali e idilliache in Europa\",\"isPartOf\":{\"@id\":\"https:\/\/www.omio.it\/window-seat\/#website\"},\"primaryImageOfPage\":{\"@id\":\"https:\/\/www.omio.it\/window-seat\/it\/cultura-stili-di-vita\/bucoliche-localita-idilliache-in-europa\/#primaryimage\"},\"image\":{\"@id\":\"https:\/\/www.omio.it\/window-seat\/it\/cultura-stili-di-vita\/bucoliche-localita-idilliache-in-europa\/#primaryimage\"},\"thumbnailUrl\":\"https:\/\/www.omio.it\/window-seat\/wp-content\/uploads\/2022\/04\/shutterstock_1815299456.jpg\",\"datePublished\":\"2022-04-08T00:00:00+00:00\",\"dateModified\":\"2022-05-10T15:03:52+00:00\",\"author\":{\"@id\":\"https:\/\/www.omio.it\/window-seat\/#\/schema\/person\/aa26f7149b7e0fcab9c1c8c5713fd830\"},\"description\":\"Le bucoliche: dalla Costa Azzurra alla Renania, scopri cinque localit\u00e0 idilliache in Europa dove rilassarsi e godersi la natura\",\"breadcrumb\":{\"@id\":\"https:\/\/www.omio.it\/window-seat\/it\/cultura-stili-di-vita\/bucoliche-localita-idilliache-in-europa\/#breadcrumb\"},\"inLanguage\":\"en-US\",\"potentialAction\":[{\"@type\":\"ReadAction\",\"target\":[\"https:\/\/www.omio.it\/window-seat\/it\/cultura-stili-di-vita\/bucoliche-localita-idilliache-in-europa\/\"]}]},{\"@type\":\"ImageObject\",\"inLanguage\":\"en-US\",\"@id\":\"https:\/\/www.omio.it\/window-seat\/it\/cultura-stili-di-vita\/bucoliche-localita-idilliache-in-europa\/#primaryimage\",\"url\":\"https:\/\/www.omio.it\/window-seat\/wp-content\/uploads\/2022\/04\/shutterstock_1815299456.jpg\",\"contentUrl\":\"https:\/\/www.omio.it\/window-seat\/wp-content\/uploads\/2022\/04\/shutterstock_1815299456.jpg\",\"width\":2000,\"height\":1333,\"caption\":\"The perched villages of the French Riviera offer the best bird\u2019s eye view over the Mediterranean. Credit: Shutterstock\"},{\"@type\":\"BreadcrumbList\",\"@id\":\"https:\/\/www.omio.it\/window-seat\/it\/cultura-stili-di-vita\/bucoliche-localita-idilliache-in-europa\/#breadcrumb\",\"itemListElement\":[{\"@type\":\"ListItem\",\"position\":1,\"name\":\"The Window Seat\",\"item\":\"https:\/\/www.omio.it\/window-seat\/\"},{\"@type\":\"ListItem\",\"position\":2,\"name\":\"Culture &amp; Lifestyle\",\"item\":\"https:\/\/www.omio.it\/window-seat\/culture-lifestyle\/\"},{\"@type\":\"ListItem\",\"position\":3,\"name\":\"Wellness\",\"item\":\"https:\/\/www.omio.it\/window-seat\/culture-lifestyle\/wellness\/\"},{\"@type\":\"ListItem\",\"position\":4,\"name\":\"Le bucoliche: scopri cinque localit\u00e0 rurali e idilliache in Europa\"}]},{\"@type\":\"WebSite\",\"@id\":\"https:\/\/www.omio.it\/window-seat\/#website\",\"url\":\"https:\/\/www.omio.it\/window-seat\/\",\"name\":\"The Window Seat\",\"description\":\"\",\"potentialAction\":[{\"@type\":\"SearchAction\",\"target\":{\"@type\":\"EntryPoint\",\"urlTemplate\":\"https:\/\/www.omio.it\/window-seat\/?s={search_term_string}\"},\"query-input\":{\"@type\":\"PropertyValueSpecification\",\"valueRequired\":true,\"valueName\":\"search_term_string\"}}],\"inLanguage\":\"en-US\"},{\"@type\":\"Person\",\"@id\":\"https:\/\/www.omio.it\/window-seat\/#\/schema\/person\/aa26f7149b7e0fcab9c1c8c5713fd830\",\"name\":\"Melek Carkaci\",\"image\":{\"@type\":\"ImageObject\",\"inLanguage\":\"en-US\",\"@id\":\"https:\/\/www.omio.it\/window-seat\/#\/schema\/person\/image\/\",\"url\":\"https:\/\/secure.gravatar.com\/avatar\/36a542faaab71cd0c5e28f4ef1b4a47a73c2555729dc68125edeea3f89dbe027?s=96&d=mm&r=g\",\"contentUrl\":\"https:\/\/secure.gravatar.com\/avatar\/36a542faaab71cd0c5e28f4ef1b4a47a73c2555729dc68125edeea3f89dbe027?s=96&d=mm&r=g\",\"caption\":\"Melek Carkaci\"}}]}<\/script>\n<!-- \/ Yoast SEO plugin. -->","yoast_head_json":{"title":"Le bucoliche: scopri cinque localit\u00e0 rurali e idilliache in Europa","description":"Le bucoliche: dalla Costa Azzurra alla Renania, scopri cinque localit\u00e0 idilliache in Europa dove rilassarsi e godersi la natura","robots":{"index":"index","follow":"follow","max-snippet":"max-snippet:-1","max-image-preview":"max-image-preview:large","max-video-preview":"max-video-preview:-1"},"canonical":"https:\/\/www.omio.it\/window-seat\/cultura-stili-di-vita\/bucoliche-localita-idilliache-in-europa\/","og_locale":"en_US","og_type":"article","og_title":"Le bucoliche: scopri cinque localit\u00e0 rurali e idilliache in Europa","og_description":"Le bucoliche: dalla Costa Azzurra alla Renania, scopri cinque localit\u00e0 idilliache in Europa dove rilassarsi e godersi la natura","og_url":"https:\/\/www.omio.it\/window-seat\/it\/cultura-stili-di-vita\/bucoliche-localita-idilliache-in-europa\/","og_site_name":"The Window Seat","article_published_time":"2022-04-08T00:00:00+00:00","article_modified_time":"2022-05-10T15:03:52+00:00","og_image":[{"width":1024,"height":683,"url":"https:\/\/www.omio.it\/window-seat\/wp-content\/uploads\/2022\/04\/shutterstock_1815299456-1024x683.jpg","type":"image\/jpeg"}],"author":"Melek Carkaci","twitter_card":"summary_large_image","twitter_misc":{"Written by":"Melek Carkaci","Est. reading time":"12 minutes"},"schema":{"@context":"https:\/\/schema.org","@graph":[{"@type":"WebPage","@id":"https:\/\/www.omio.it\/window-seat\/it\/cultura-stili-di-vita\/bucoliche-localita-idilliache-in-europa\/","url":"https:\/\/www.omio.it\/window-seat\/it\/cultura-stili-di-vita\/bucoliche-localita-idilliache-in-europa\/","name":"Le bucoliche: scopri cinque localit\u00e0 rurali e idilliache in Europa","isPartOf":{"@id":"https:\/\/www.omio.it\/window-seat\/#website"},"primaryImageOfPage":{"@id":"https:\/\/www.omio.it\/window-seat\/it\/cultura-stili-di-vita\/bucoliche-localita-idilliache-in-europa\/#primaryimage"},"image":{"@id":"https:\/\/www.omio.it\/window-seat\/it\/cultura-stili-di-vita\/bucoliche-localita-idilliache-in-europa\/#primaryimage"},"thumbnailUrl":"https:\/\/www.omio.it\/window-seat\/wp-content\/uploads\/2022\/04\/shutterstock_1815299456.jpg","datePublished":"2022-04-08T00:00:00+00:00","dateModified":"2022-05-10T15:03:52+00:00","author":{"@id":"https:\/\/www.omio.it\/window-seat\/#\/schema\/person\/aa26f7149b7e0fcab9c1c8c5713fd830"},"description":"Le bucoliche: dalla Costa Azzurra alla Renania, scopri cinque localit\u00e0 idilliache in Europa dove rilassarsi e godersi la natura","breadcrumb":{"@id":"https:\/\/www.omio.it\/window-seat\/it\/cultura-stili-di-vita\/bucoliche-localita-idilliache-in-europa\/#breadcrumb"},"inLanguage":"en-US","potentialAction":[{"@type":"ReadAction","target":["https:\/\/www.omio.it\/window-seat\/it\/cultura-stili-di-vita\/bucoliche-localita-idilliache-in-europa\/"]}]},{"@type":"ImageObject","inLanguage":"en-US","@id":"https:\/\/www.omio.it\/window-seat\/it\/cultura-stili-di-vita\/bucoliche-localita-idilliache-in-europa\/#primaryimage","url":"https:\/\/www.omio.it\/window-seat\/wp-content\/uploads\/2022\/04\/shutterstock_1815299456.jpg","contentUrl":"https:\/\/www.omio.it\/window-seat\/wp-content\/uploads\/2022\/04\/shutterstock_1815299456.jpg","width":2000,"height":1333,"caption":"The perched villages of the French Riviera offer the best bird\u2019s eye view over the Mediterranean. Credit: Shutterstock"},{"@type":"BreadcrumbList","@id":"https:\/\/www.omio.it\/window-seat\/it\/cultura-stili-di-vita\/bucoliche-localita-idilliache-in-europa\/#breadcrumb","itemListElement":[{"@type":"ListItem","position":1,"name":"The Window Seat","item":"https:\/\/www.omio.it\/window-seat\/"},{"@type":"ListItem","position":2,"name":"Culture &amp; Lifestyle","item":"https:\/\/www.omio.it\/window-seat\/culture-lifestyle\/"},{"@type":"ListItem","position":3,"name":"Wellness","item":"https:\/\/www.omio.it\/window-seat\/culture-lifestyle\/wellness\/"},{"@type":"ListItem","position":4,"name":"Le bucoliche: scopri cinque localit\u00e0 rurali e idilliache in Europa"}]},{"@type":"WebSite","@id":"https:\/\/www.omio.it\/window-seat\/#website","url":"https:\/\/www.omio.it\/window-seat\/","name":"The Window Seat","description":"","potentialAction":[{"@type":"SearchAction","target":{"@type":"EntryPoint","urlTemplate":"https:\/\/www.omio.it\/window-seat\/?s={search_term_string}"},"query-input":{"@type":"PropertyValueSpecification","valueRequired":true,"valueName":"search_term_string"}}],"inLanguage":"en-US"},{"@type":"Person","@id":"https:\/\/www.omio.it\/window-seat\/#\/schema\/person\/aa26f7149b7e0fcab9c1c8c5713fd830","name":"Melek Carkaci","image":{"@type":"ImageObject","inLanguage":"en-US","@id":"https:\/\/www.omio.it\/window-seat\/#\/schema\/person\/image\/","url":"https:\/\/secure.gravatar.com\/avatar\/36a542faaab71cd0c5e28f4ef1b4a47a73c2555729dc68125edeea3f89dbe027?s=96&d=mm&r=g","contentUrl":"https:\/\/secure.gravatar.com\/avatar\/36a542faaab71cd0c5e28f4ef1b4a47a73c2555729dc68125edeea3f89dbe027?s=96&d=mm&r=g","caption":"Melek Carkaci"}}]}},"_links":{"self":[{"href":"https:\/\/www.omio.it\/window-seat\/wp-json\/wp\/v2\/posts\/28448","targetHints":{"allow":["GET"]}}],"collection":[{"href":"https:\/\/www.omio.it\/window-seat\/wp-json\/wp\/v2\/posts"}],"about":[{"href":"https:\/\/www.omio.it\/window-seat\/wp-json\/wp\/v2\/types\/post"}],"author":[{"embeddable":true,"href":"https:\/\/www.omio.it\/window-seat\/wp-json\/wp\/v2\/users\/10"}],"replies":[{"embeddable":true,"href":"https:\/\/www.omio.it\/window-seat\/wp-json\/wp\/v2\/comments?post=28448"}],"version-history":[{"count":2,"href":"https:\/\/www.omio.it\/window-seat\/wp-json\/wp\/v2\/posts\/28448\/revisions"}],"predecessor-version":[{"id":32442,"href":"https:\/\/www.omio.it\/window-seat\/wp-json\/wp\/v2\/posts\/28448\/revisions\/32442"}],"wp:featuredmedia":[{"embeddable":true,"href":"https:\/\/www.omio.it\/window-seat\/wp-json\/wp\/v2\/media\/18783"}],"wp:attachment":[{"href":"https:\/\/www.omio.it\/window-seat\/wp-json\/wp\/v2\/media?parent=28448"}],"wp:term":[{"taxonomy":"category","embeddable":true,"href":"https:\/\/www.omio.it\/window-seat\/wp-json\/wp\/v2\/categories?post=28448"},{"taxonomy":"post_tag","embeddable":true,"href":"https:\/\/www.omio.it\/window-seat\/wp-json\/wp\/v2\/tags?post=28448"},{"taxonomy":"position_id","embeddable":true,"href":"https:\/\/www.omio.it\/window-seat\/wp-json\/wp\/v2\/position_ids?post=28448"}],"curies":[{"name":"wp","href":"https:\/\/api.w.org\/{rel}","templated":true}]}}