{"id":41393,"date":"2022-07-21T09:00:00","date_gmt":"2022-07-21T09:00:00","guid":{"rendered":"https:\/\/www.omio.it\/window-seat\/scoprire\/dove-vedere-i-piu-bei-campi-di-lavanda-in-provenza\/"},"modified":"2022-08-01T13:25:39","modified_gmt":"2022-08-01T13:25:39","slug":"dove-vedere-i-piu-bei-campi-di-lavanda-in-provenza","status":"publish","type":"post","link":"https:\/\/www.omio.it\/window-seat\/it\/cultura-stili-di-vita\/attivita\/dove-vedere-i-piu-bei-campi-di-lavanda-in-provenza\/","title":{"rendered":"Dove vedere i pi\u00f9 bei campi di lavanda in Provenza"},"content":{"rendered":"\n<p>Verdi colline ricoperte da vigneti sotto cieli limpidi. Il cinguettio degli uccelli trasportato dalla brezza. L&#8217;aria intrisa del profumo della lavanda. Questa \u00e8 la quintessenza della Provenza in estate. Questa regione del sud della Francia \u00e8 famosa in tutto il mondo per il suo particolare terroir. La perfetta fusione dei manufatti dell&#8217;uomo con la natura circostante rende i villaggi rustici della Provenza delle destinazioni da sogno che incantano i visitatori tutto l&#8217;anno, anche al di fuori della stagione della lavanda.\n<\/p>\n\n\n\n<p>Ma \u00e8 proprio la lavanda a richiamare in Provenza anche i pi\u00f9 esperti appassionati di enogastronomia. \u00c8 per questo che la regione in estate si trasforma in una vera e propria attrazione turistica con 2,7 milioni di presenze all&#8217;anno. La lavanda della Provenza \u00e8 inebriante, meravigliosa e abbondante, e nei mesi di luglio e agosto domina il paesaggio a perdita d&#8217;occhio. Soprattutto ad agosto, le colline di questa regione a nord di Marsiglia si tingono di infinite sfumature che vanno dal viola all\u2019indaco.\n<\/p>\n\n\n\n<p><span style=\"font-weight: 400;\">L&#8217;estate \u00e8 la stagione giusta per vedere la lavanda in <\/span><a href=\"https:\/\/www.omio.it\/window-seat\/cultura-stili-di-vita\/provenza-perche-la-regione-francese-e-unoasi-di-tranquillita\/\" target=\"_blank\" rel=\"noreferrer noopener\"><span style=\"font-weight: 400;\">Provenza<\/span><\/a><span style=\"font-weight: 400;\">, e il modo migliore per farlo \u00e8 seguire le cosiddette <\/span><i><span style=\"font-weight: 400;\">routes de la lavande,<\/span><\/i><span style=\"font-weight: 400;\"> itinerari nati da un\u2019idea del blogger provenzale Lionel Terrail, che ti accompagneranno da un villaggio all&#8217;altro, tra campi di lavanda, distillerie e produttori locali, senza tralasciare le principali attrazioni della regione.<\/span><\/p>\n\n\n<div id=\"search-widget-overlay\" class=\"search-widget-overlay\">\r\n  <div class=\"search-widget-overlay__form\" data-search-widget-container>\r\n    <div class=\"search-widget-overlay__details\">\r\n      <button class=\"search-widget-overlay__close\" data-search-widget-close>\r\n        \u2715\r\n      <\/button>\r\n      <div class=\"search-widget-overlay__text\">\r\n        Provenza      <\/div>\r\n    <\/div>\r\n\r\n  <\/div>\r\n<\/div>\r\n\r\n<div class=\"search-widget-cta\">\r\n  <button class=\"search-widget-cta__button\" data-search-widget-cta>\r\n    Viaggia in Provenza  <\/button>\r\n<\/div>\n\n\n<p>Partendo dai villaggi dei dipartimenti di Vaucluse e della Alpi dell\u2019Alta Provenza e della regione naturale della Dr\u00f4me Proven\u00e7ale, ti guidiamo attraverso i migliori luoghi in cui vedere i campi di lavanda della Provenza, e ti proponiamo quattro itinerari che puoi percorrere singolarmente o, se hai abbastanza tempo, anche unire. Allons-y!<\/p>\n\n\n\n<figure class=\"wp-block-gallery has-nested-images columns-default is-cropped wp-block-gallery-1 is-layout-flex wp-block-gallery-is-layout-flex\">\n<figure class=\"wp-block-image size-large\"><img loading=\"lazy\" decoding=\"async\" width=\"1024\" height=\"667\" data-id=\"40575\" src=\"https:\/\/www.omio.it\/window-seat\/wp-content\/uploads\/2022\/07\/shutterstock_1884924871-1024x667.png\" alt=\"\" class=\"wp-image-40575\" srcset=\"https:\/\/www.omio.it\/window-seat\/wp-content\/uploads\/2022\/07\/shutterstock_1884924871-1024x667.png 1024w, https:\/\/www.omio.it\/window-seat\/wp-content\/uploads\/2022\/07\/shutterstock_1884924871-300x195.png 300w, https:\/\/www.omio.it\/window-seat\/wp-content\/uploads\/2022\/07\/shutterstock_1884924871-768x500.png 768w, https:\/\/www.omio.it\/window-seat\/wp-content\/uploads\/2022\/07\/shutterstock_1884924871-1568x1022.png 1568w, https:\/\/www.omio.it\/window-seat\/wp-content\/uploads\/2022\/07\/shutterstock_1884924871-1536x1001.png 1536w, https:\/\/www.omio.it\/window-seat\/wp-content\/uploads\/2022\/07\/shutterstock_1884924871-2048x1334.png 2048w\" sizes=\"auto, (max-width: 1024px) 100vw, 1024px\" \/><figcaption>Ritrova la pace nei villaggi medievali del sud della Francia come Le Po\u00ebt-Laval, considerato uno dei pi\u00f9 belli del Paese. credit: Shutterstock<\/figcaption><\/figure>\n\n\n\n<figure class=\"wp-block-image size-large\"><img loading=\"lazy\" decoding=\"async\" width=\"1024\" height=\"667\" data-id=\"40589\" src=\"https:\/\/www.omio.it\/window-seat\/wp-content\/uploads\/2022\/07\/shutterstock_2156146651-1024x667.png\" alt=\"\" class=\"wp-image-40589\" srcset=\"https:\/\/www.omio.it\/window-seat\/wp-content\/uploads\/2022\/07\/shutterstock_2156146651-1024x667.png 1024w, https:\/\/www.omio.it\/window-seat\/wp-content\/uploads\/2022\/07\/shutterstock_2156146651-300x195.png 300w, https:\/\/www.omio.it\/window-seat\/wp-content\/uploads\/2022\/07\/shutterstock_2156146651-768x500.png 768w, https:\/\/www.omio.it\/window-seat\/wp-content\/uploads\/2022\/07\/shutterstock_2156146651-1568x1022.png 1568w, https:\/\/www.omio.it\/window-seat\/wp-content\/uploads\/2022\/07\/shutterstock_2156146651-1536x1001.png 1536w, https:\/\/www.omio.it\/window-seat\/wp-content\/uploads\/2022\/07\/shutterstock_2156146651-2048x1334.png 2048w\" sizes=\"auto, (max-width: 1024px) 100vw, 1024px\" \/><figcaption>Nella Provenza occidentale, lasciati incantare dall&#8217;arte e dalla cultura a Saint-R\u00e9my-de-Provence, una placida cittadina che ispir\u00f2 numerosi artisti, tra cui Van Gogh. Credit: Shutterstock<\/figcaption><\/figure>\n<\/figure>\n\n\n\n<p><b>Consiglio: <\/b><span style=\"font-weight: 400;\">le principali citt\u00e0 della regione Provenza-Alpi-Costa Azzurra (Aix-en-Provence, Avignone, <\/span><a href=\"https:\/\/www.omio.it\/window-seat\/cultura-stili-di-vita\/daytrippers-cosa-vedere-a-marsiglia\/\" target=\"_blank\" rel=\"noreferrer noopener\"><span style=\"font-weight: 400;\">Marsiglia<\/span><\/a><span style=\"font-weight: 400;\"> e Orange) fungono da porta d&#8217;accesso alla Provenza. Se sei alla ricerca di una destinazione in cui goderti il relax, a Saint-R\u00e9my-de-Provence troverai un interessante connubio di cultura, arte e natura. Vincent Van Gogh ne rimase stregato, e lo stesso capiter\u00e0 anche a te.<\/span><\/p>\n\n\n\n<h2 class=\"wp-block-heading\"><h2><b>Da Gordes a S\u00e9nanque<\/b><\/h2><\/h2>\n\n\n\n<figure class=\"wp-block-gallery has-nested-images columns-default is-cropped wp-block-gallery-2 is-layout-flex wp-block-gallery-is-layout-flex\">\n<figure class=\"wp-block-image size-large\"><img loading=\"lazy\" decoding=\"async\" width=\"1024\" height=\"667\" data-id=\"40595\" src=\"https:\/\/www.omio.it\/window-seat\/wp-content\/uploads\/2022\/07\/shutterstock_2116587281-1024x667.png\" alt=\"\" class=\"wp-image-40595\" srcset=\"https:\/\/www.omio.it\/window-seat\/wp-content\/uploads\/2022\/07\/shutterstock_2116587281-1024x667.png 1024w, https:\/\/www.omio.it\/window-seat\/wp-content\/uploads\/2022\/07\/shutterstock_2116587281-300x195.png 300w, https:\/\/www.omio.it\/window-seat\/wp-content\/uploads\/2022\/07\/shutterstock_2116587281-768x500.png 768w, https:\/\/www.omio.it\/window-seat\/wp-content\/uploads\/2022\/07\/shutterstock_2116587281-1568x1022.png 1568w, https:\/\/www.omio.it\/window-seat\/wp-content\/uploads\/2022\/07\/shutterstock_2116587281-1536x1001.png 1536w, https:\/\/www.omio.it\/window-seat\/wp-content\/uploads\/2022\/07\/shutterstock_2116587281-2048x1334.png 2048w\" sizes=\"auto, (max-width: 1024px) 100vw, 1024px\" \/><figcaption>Gordes, un tipico villaggio arroccato della Provenza, sorge a circa 270 metri sul livello del mare e si affaccia sullo splendido Parco naturale regionale del Luberon. <br>Credit: Shutterstock<\/figcaption><\/figure>\n<\/figure>\n\n\n\n<p><span style=\"font-weight: 400;\">Uno dei borghi pi\u00f9 belli della Francia, Gordes \u00e8 uno dei tanti piccoli villaggi della Provenza arroccati su una collina. A meno di un&#8217;ora da <\/span><a href=\"https:\/\/www.omio.it\/treni\/avignone-0apr0?_ga=2.231014815.1864468037.1655797283-1993742101.1635162919\" target=\"_blank\" rel=\"noreferrer noopener\"><span style=\"font-weight: 400;\">Avignone<\/span><\/a><span style=\"font-weight: 400;\"> e<\/span><a href=\"https:\/\/www.omio.it\/treni\/aix-en-provence-mzrax?_ga=2.231014815.1864468037.1655797283-1993742101.1635162919\" target=\"_blank\" rel=\"noreferrer noopener\"><span style=\"font-weight: 400;\"> Aix-en-Provence<\/span><\/a><span style=\"font-weight: 400;\">, immerso nel Parco naturale regionale del Luberon e tra i Monti di Vaucluse, Gordes sorge maestosamente in cima alla sua collina. Situato a circa 300 metri sul livello del mare, \u00e8 difficile non notarlo dalla strada. Il suo castello risalente all&#8217;XI secolo domina il paesaggio.<\/span><\/p>\n\n\n\n<p>Gordes \u00e8 il punto di partenza ideale per andare a vedere i campi di lavanda. Dopo un tour culturale del centro medievale del villaggio e una passeggiata attraverso i vicoli di pietra che lo circondano e che conducono a un promontorio con splendide viste sulla campagna, scendi e prosegui verso nord fino al villaggio di S\u00e9nanque, che custodisce uno dei luoghi simbolo della Provenza: l&#8217;Abbazia di S\u00e9nanque.\n<\/p>\n\n\n\n<figure class=\"wp-block-gallery has-nested-images columns-default is-cropped wp-block-gallery-3 is-layout-flex wp-block-gallery-is-layout-flex\">\n<figure class=\"wp-block-image size-large\"><img loading=\"lazy\" decoding=\"async\" width=\"1024\" height=\"667\" data-id=\"40601\" src=\"https:\/\/www.omio.it\/window-seat\/wp-content\/uploads\/2022\/07\/shutterstock_384685444-1024x667.png\" alt=\"\" class=\"wp-image-40601\" srcset=\"https:\/\/www.omio.it\/window-seat\/wp-content\/uploads\/2022\/07\/shutterstock_384685444-1024x667.png 1024w, https:\/\/www.omio.it\/window-seat\/wp-content\/uploads\/2022\/07\/shutterstock_384685444-300x195.png 300w, https:\/\/www.omio.it\/window-seat\/wp-content\/uploads\/2022\/07\/shutterstock_384685444-768x500.png 768w, https:\/\/www.omio.it\/window-seat\/wp-content\/uploads\/2022\/07\/shutterstock_384685444-1568x1022.png 1568w, https:\/\/www.omio.it\/window-seat\/wp-content\/uploads\/2022\/07\/shutterstock_384685444-1536x1001.png 1536w, https:\/\/www.omio.it\/window-seat\/wp-content\/uploads\/2022\/07\/shutterstock_384685444-2048x1334.png 2048w\" sizes=\"auto, (max-width: 1024px) 100vw, 1024px\" \/><figcaption>Goditi la pace assoluta dell&#8217;abbazia di S\u00e9nanque circondato dal profumo della lavanda. Credit: Shutterstock<\/figcaption><\/figure>\n<\/figure>\n\n\n\n<p>Costruita nel XII secolo, questa meravigliosa abbazia cistercense sembra essere uscita direttamente da una fiaba. Lo stile romanico del monastero si fonde alla perfezione con l&#8217;ambiente circostante, creando un effetto modesto ma da cartolina, soprattutto quando i suoi campi di lavanda sono nel pieno della fioritura durante la calda estate mediterranea.\n<\/p>\n\n\n\n<p>Per lungo tempo gli appezzamenti di terra che circondavano l&#8217;abbazia furono adibiti a pascoli e terreni agricoli volti a garantire il sostentamento dei monaci. La comunit\u00e0 dei monaci cistercensi inizi\u00f2 a coltivare la lavanda solo negli anni &#8217;70, sempre seguendo il principio benedettino dell&#8217;ora et labora come da mille anni a questa parte. Oltre alla lavanda, i monaci dell&#8217;Abbazia di S\u00e9nanque producono anche olio d&#8217;oliva e miele, in vendita presso la bottega.<\/p>\n\n\n\n<p>Dopo aver pubblicato su Instagram i tuoi selfie con la lavanda, visita gli interni dell&#8217;abbazia, aperti a visite (silenziose) in determinati orari. Scoprirai che la pace assoluta che regna qui rilassa quasi quanto il profumo di lavanda.<\/p>\n\n\n\n<h2 class=\"wp-block-heading\"><h2><b>Da Sault-en-Provence a Ferrassi\u00e8re<\/b><\/h2><\/h2>\n\n\n\n<figure class=\"wp-block-gallery has-nested-images columns-default is-cropped wp-block-gallery-4 is-layout-flex wp-block-gallery-is-layout-flex\">\n<figure class=\"wp-block-image size-large\"><img loading=\"lazy\" decoding=\"async\" width=\"1024\" height=\"667\" data-id=\"40607\" src=\"https:\/\/www.omio.it\/window-seat\/wp-content\/uploads\/2022\/07\/shutterstock_1017587878-1024x667.png\" alt=\"\" class=\"wp-image-40607\" srcset=\"https:\/\/www.omio.it\/window-seat\/wp-content\/uploads\/2022\/07\/shutterstock_1017587878-1024x667.png 1024w, https:\/\/www.omio.it\/window-seat\/wp-content\/uploads\/2022\/07\/shutterstock_1017587878-300x195.png 300w, https:\/\/www.omio.it\/window-seat\/wp-content\/uploads\/2022\/07\/shutterstock_1017587878-768x500.png 768w, https:\/\/www.omio.it\/window-seat\/wp-content\/uploads\/2022\/07\/shutterstock_1017587878-1568x1022.png 1568w, https:\/\/www.omio.it\/window-seat\/wp-content\/uploads\/2022\/07\/shutterstock_1017587878-1536x1001.png 1536w, https:\/\/www.omio.it\/window-seat\/wp-content\/uploads\/2022\/07\/shutterstock_1017587878-2048x1334.png 2048w\" sizes=\"auto, (max-width: 1024px) 100vw, 1024px\" \/><figcaption>L&#8217;ampia valle di Sault, ai piedi del Mont Ventoux, \u00e8 costellata di campi di lavanda. Credit: Shutterstock<\/figcaption><\/figure>\n<\/figure>\n\n\n\n<p>Considerata il luogo d&#8217;origine della coltivazione della lavanda in Provenza, Sault-en-Provence \u00e8 arroccata sopra i rigogliosi campi di grano e lavanda che caratterizzano questa fertile regione del dipartimento di Vaucluse.<\/p>\n\n\n\n<p>Nel mese di agosto, il villaggio fa da cornice a una delle pi\u00f9 importanti feste della lavanda in Provenza. La F\u00eate de la Lavande \u00e8 un inno a questa meraviglia della natura che si tiene da pi\u00f9 di 30 anni, con sfilate nei tradizionali costumi provenzali, carri addobbati con la lavanda e canti e balli per strada. Non perderti il mercato settimanale di Sault, dove gli artisti e i produttori locali mettono in vendita un&#8217;ampia gamma di prodotti regionali, dagli oli essenziali ai dolci agli oggetti decorativi.\n<\/p>\n\n\n\n<p>Lo stesso giorno della festa, nel Bois du D\u00e9fends si organizza anche un pranzo in stile rustico, dove \u00e8 possibile gustare molte specialit\u00e0, dai salumi locali ai formaggi di capra, fino ai pomodori freschi. Ma attenzione, i posti sono limitati ed \u00e8 necessario prenotare in anticipo!<\/p>\n\n\n<div id=\"search-widget-overlay\" class=\"search-widget-overlay\">\r\n  <div class=\"search-widget-overlay__form\" data-search-widget-container>\r\n    <div class=\"search-widget-overlay__details\">\r\n      <button class=\"search-widget-overlay__close\" data-search-widget-close>\r\n        \u2715\r\n      <\/button>\r\n      <div class=\"search-widget-overlay__text\">\r\n        Provenza      <\/div>\r\n    <\/div>\r\n\r\n  <\/div>\r\n<\/div>\r\n\r\n<div class=\"search-widget-cta\">\r\n  <button class=\"search-widget-cta__button\" data-search-widget-cta>\r\n    Viaggia in Provenza  <\/button>\r\n<\/div>\n\n\n<p>Per un&#8217;esperienza in perfetto stile locale, non perderti la gara del taglio della lavanda con il falcetto, organizzato all&#8217;ippodromo di Le D\u00e9fends. L&#8217;idea \u00e8 abbastanza semplice: il concorrente che riesce a tagliare la maggior quantit\u00e0 di lavanda nel tempo a disposizione vince il primo premio.\n<\/p>\n\n\n\n<p><span style=\"font-weight: 400;\">Se invece preferisci goderti la tranquillit\u00e0, vai a nord di Sault e parti per un&#8217;escursione a piedi di due ore tra gli splendidi campi di lavanda, per poi tornare al villaggio ed esplorarne il centro storico medievale con i suoi vicoli tortuosi e le case di pietra. Concediti una parentesi di dolcezza da Andr\u00e9 Boyer, la storica pasticceria della citt\u00e0, che dal 1887 vizia i suoi clienti con delizie artigianali tradizionali come il torrone e le <\/span><i><span style=\"font-weight: 400;\">guimauves<\/span><\/i><span style=\"font-weight: 400;\">, delle caramelle gommose simili ai marshmallow.<\/span><\/p>\n\n\n\n<figure class=\"wp-block-gallery has-nested-images columns-default is-cropped wp-block-gallery-5 is-layout-flex wp-block-gallery-is-layout-flex\">\n<figure class=\"wp-block-image size-large\"><img loading=\"lazy\" decoding=\"async\" width=\"1024\" height=\"590\" data-id=\"40613\" src=\"https:\/\/www.omio.it\/window-seat\/wp-content\/uploads\/2022\/07\/Boyer-enseigne-boutique-1024x590.png\" alt=\"\" class=\"wp-image-40613\" srcset=\"https:\/\/www.omio.it\/window-seat\/wp-content\/uploads\/2022\/07\/Boyer-enseigne-boutique-1024x590.png 1024w, https:\/\/www.omio.it\/window-seat\/wp-content\/uploads\/2022\/07\/Boyer-enseigne-boutique-300x173.png 300w, https:\/\/www.omio.it\/window-seat\/wp-content\/uploads\/2022\/07\/Boyer-enseigne-boutique-768x443.png 768w, https:\/\/www.omio.it\/window-seat\/wp-content\/uploads\/2022\/07\/Boyer-enseigne-boutique-1568x904.png 1568w, https:\/\/www.omio.it\/window-seat\/wp-content\/uploads\/2022\/07\/Boyer-enseigne-boutique-1536x885.png 1536w, https:\/\/www.omio.it\/window-seat\/wp-content\/uploads\/2022\/07\/Boyer-enseigne-boutique-2048x1180.png 2048w\" sizes=\"auto, (max-width: 1024px) 100vw, 1024px\" \/><figcaption>Concediti una parentesi di dolcezza da Andr\u00e9 Boyer, una pasticceria storica di Sault-en-Provence. Credit: Confiserie Andr\u00e9 Boyer<\/figcaption><\/figure>\n<\/figure>\n\n\n\n<p>Se hai voglia di una bella scarica di adrenalina, rispondi al richiamo del cielo! Gli itinerari di parapendio proposti da Ventoux Parapente partono dalla cima del Mont Ventoux e regalano ai partecipanti panorami mozzafiato della valle di Sault con tutte le sue sfumature dell&#8217;indaco e del verde.\n<\/p>\n\n\n\n<p><span style=\"font-weight: 400;\">E se potessi vivere la Provenza dalla prospettiva di un coltivatore di lavanda? La distilleria Aroma&#8217;Plantes offre la possibilit\u00e0 di cimentarsi nella raccolta della lavanda con tanto di falcetto e <\/span><i><span style=\"font-weight: 400;\">saquette<\/span><\/i><span style=\"font-weight: 400;\"> (tradizionale sacco), di assistere alla distillazione dei fiori raccolti e di creare il proprio sapone o i propri prodotti cosmetici da portare a casa come souvenir!<\/span><\/p>\n\n\n\n<p><span style=\"font-weight: 400;\">Una tappa imperdibile dopo Sault-en-Provence \u00e8 Ferrassi\u00e8res, situata poco pi\u00f9 a sud e adagiata sull&#8217;ampio altopiano noto come Plateau d&#8217;Albion a oltre 900 metri sul livello del mare. Qui potrai goderti una passeggiata tra i campi di lavanda con il Mont Ventoux sullo sfondo. Prosegui lungo il percorso Sentier Botanique des lavandes, partendo dal parcheggio della bottega Ho! Bouquet de lavande. Sarai accompagnato da una guida che ti illustrer\u00e0 le diverse variet\u00e0 coltivate. Lungo il percorso scoprirai anche curiose costruzioni in pietra a secco note come <\/span><i><span style=\"font-weight: 400;\">bories<\/span><\/i><span style=\"font-weight: 400;\">, che in passato venivano utilizzate dai pastori come abitazioni stagionali e ripari per il bestiame. Sono perfette per mangiare un boccone veloce o riposarsi.<\/span><\/p>\n\n\n\n<figure class=\"wp-block-gallery has-nested-images columns-default is-cropped wp-block-gallery-6 is-layout-flex wp-block-gallery-is-layout-flex\">\n<figure class=\"wp-block-image size-large\"><img loading=\"lazy\" decoding=\"async\" width=\"1024\" height=\"667\" data-id=\"40619\" src=\"https:\/\/www.omio.it\/window-seat\/wp-content\/uploads\/2022\/07\/shutterstock_1142539970-1024x667.png\" alt=\"\" class=\"wp-image-40619\" srcset=\"https:\/\/www.omio.it\/window-seat\/wp-content\/uploads\/2022\/07\/shutterstock_1142539970-1024x667.png 1024w, https:\/\/www.omio.it\/window-seat\/wp-content\/uploads\/2022\/07\/shutterstock_1142539970-300x195.png 300w, https:\/\/www.omio.it\/window-seat\/wp-content\/uploads\/2022\/07\/shutterstock_1142539970-768x500.png 768w, https:\/\/www.omio.it\/window-seat\/wp-content\/uploads\/2022\/07\/shutterstock_1142539970-1568x1022.png 1568w, https:\/\/www.omio.it\/window-seat\/wp-content\/uploads\/2022\/07\/shutterstock_1142539970-1536x1001.png 1536w, https:\/\/www.omio.it\/window-seat\/wp-content\/uploads\/2022\/07\/shutterstock_1142539970-2048x1334.png 2048w\" sizes=\"auto, (max-width: 1024px) 100vw, 1024px\" \/><figcaption>I bucolici campi di lavanda di Ferrassi\u00e8res sono punteggiati dalle tipiche strutture in pietra note come bories. Credit: Shutterstock<\/figcaption><\/figure>\n<\/figure>\n\n\n\n<p>Il Plateau di Albion \u00e8 ideale per i ciclisti, grazie ai sentieri ben segnalati e alle salite piuttosto impegnative. Da Ferrassi\u00e8res imbocca la Route 106 de la lavande. Oltrepasserai Montbrun-les-Bains, un villaggio termale, per poi raggiungere la pittoresca citt\u00e0 di Buis-les-Baronnies. Riempiti i polmoni di aria fresca e immergiti nella bellezza e nella generosit\u00e0 della natura.<\/p>\n\n\n\n<h2 class=\"wp-block-heading\"><h2><b>Da Ferrassi\u00e8re a Simiane-la-Rotonde<\/b><\/h2><\/h2>\n\n\n\n<figure class=\"wp-block-gallery has-nested-images columns-default is-cropped wp-block-gallery-7 is-layout-flex wp-block-gallery-is-layout-flex\">\n<figure class=\"wp-block-image size-large\"><img loading=\"lazy\" decoding=\"async\" width=\"1024\" height=\"667\" data-id=\"40625\" src=\"https:\/\/www.omio.it\/window-seat\/wp-content\/uploads\/2022\/07\/shutterstock_336314993-1024x667.png\" alt=\"\" class=\"wp-image-40625\" srcset=\"https:\/\/www.omio.it\/window-seat\/wp-content\/uploads\/2022\/07\/shutterstock_336314993-1024x667.png 1024w, https:\/\/www.omio.it\/window-seat\/wp-content\/uploads\/2022\/07\/shutterstock_336314993-300x195.png 300w, https:\/\/www.omio.it\/window-seat\/wp-content\/uploads\/2022\/07\/shutterstock_336314993-768x500.png 768w, https:\/\/www.omio.it\/window-seat\/wp-content\/uploads\/2022\/07\/shutterstock_336314993-1568x1022.png 1568w, https:\/\/www.omio.it\/window-seat\/wp-content\/uploads\/2022\/07\/shutterstock_336314993-1536x1001.png 1536w, https:\/\/www.omio.it\/window-seat\/wp-content\/uploads\/2022\/07\/shutterstock_336314993-2048x1334.png 2048w\" sizes=\"auto, (max-width: 1024px) 100vw, 1024px\" \/><figcaption>Simiane-la-Rotonde domina la campagna provenzale dai suoi 650 metri di altezza. Credit: Shutterstock<\/figcaption><\/figure>\n<\/figure>\n\n\n\n<p><span style=\"font-weight: 400;\">Da Ferrassi\u00e8res prosegui ancora verso sud fino ad arrivare a Simiane-la-Rotonde, tra le <\/span><span style=\"font-weight: 400;\">montagne e la regione nota come Pays de Forcalquier. Questo borgo \u00e8 costituito da tipiche case in pietra e vanta un castello <\/span><span style=\"font-weight: 400;\">con una caratteristica sala circolare.<\/span><\/p>\n\n\n\n<p>Costruito nel XII secolo, il castello \u00e8 un gioiello romanico che ospita mostre, reperti archeologici e storici e fa da cornice a sagre tipiche. Questo \u00e8 uno dei luoghi pi\u00f9 suggestivi in assoluto dai quali ammirare le campagne della Provenza.<\/p>\n\n\n\n<figure class=\"wp-block-gallery has-nested-images columns-default is-cropped wp-block-gallery-8 is-layout-flex wp-block-gallery-is-layout-flex\">\n<figure class=\"wp-block-image size-large\"><img loading=\"lazy\" decoding=\"async\" width=\"1024\" height=\"667\" data-id=\"40631\" src=\"https:\/\/www.omio.it\/window-seat\/wp-content\/uploads\/2022\/07\/booking-19393760-1024x667.png\" alt=\"\" class=\"wp-image-40631\" srcset=\"https:\/\/www.omio.it\/window-seat\/wp-content\/uploads\/2022\/07\/booking-19393760-1024x667.png 1024w, https:\/\/www.omio.it\/window-seat\/wp-content\/uploads\/2022\/07\/booking-19393760-300x195.png 300w, https:\/\/www.omio.it\/window-seat\/wp-content\/uploads\/2022\/07\/booking-19393760-768x500.png 768w, https:\/\/www.omio.it\/window-seat\/wp-content\/uploads\/2022\/07\/booking-19393760-1568x1022.png 1568w, https:\/\/www.omio.it\/window-seat\/wp-content\/uploads\/2022\/07\/booking-19393760-1536x1001.png 1536w, https:\/\/www.omio.it\/window-seat\/wp-content\/uploads\/2022\/07\/booking-19393760-2048x1334.png 2048w\" sizes=\"auto, (max-width: 1024px) 100vw, 1024px\" \/><figcaption>Prenditela con comodo e trascorri una settimana all&#8217;insegna del relax da G\u00eete La Fontaine. Credit: Booking.com<\/figcaption><\/figure>\n<\/figure>\n\n\n\n<p><span style=\"font-weight: 400;\">La fiabesca Simiane-la-Rotonde accoglie i turisti in alloggi rustici dall&#8217;autentica atmosfera provenzale. <\/span><a href=\"https:\/\/sp.booking.com\/hotel\/fr\/la-fontaine-simiane-la-rotonde.it.html?aid=1500264;label=goeu_DE_Berlin_FR_Simiane-la-Rotonde_ow_1_0_1_id0_mag_com_fr_EUR_Other_x_other_220606_376217_150026;sid=ea9fecb9a3c525ee8f9ade4b86abf211;dcs_click=1;dest_id=-1470959;dest_type=city;dist=0;group_adults=2;group_children=0;hapos=1;hpos=1;no_rooms=1;req_adults=2;req_children=0;room1=A%2CA;sb_price_type=total;sr_order=popularity;srepoch=1655798473;srpvid=ff15386467510176;type=total;ucfs=1&amp;#hotelTmpl\" target=\"_blank\" rel=\"noreferrer noopener\"><span style=\"font-weight: 400;\">G\u00eete La Fontaine<\/span><\/a><span style=\"font-weight: 400;\"> \u00e8 uno dei luoghi migliori in cui trascorrere la notte. La propriet\u00e0 delizia i suoi ospiti con i piatti preparati con prelibatezze locali come l&#8217;agnello di Sisteron e il tartufo, oltre ad allevare cavalli e altri animali da fattoria. Gli ospiti possono andare a cavallo nella tenuta e nei campi o fare un giro in carrozza nel villaggio.<\/span><\/p>\n\n\n\n<h2 class=\"wp-block-heading\"><h2><b>Da Manosque a Valensole e Digne-les-Bains<\/b><\/h2><\/h2>\n\n\n\n<figure class=\"wp-block-gallery has-nested-images columns-default is-cropped wp-block-gallery-9 is-layout-flex wp-block-gallery-is-layout-flex\">\n<figure class=\"wp-block-image size-large\"><img loading=\"lazy\" decoding=\"async\" width=\"1024\" height=\"667\" data-id=\"40638\" src=\"https:\/\/www.omio.it\/window-seat\/wp-content\/uploads\/2022\/07\/shutterstock_1039810435-1024x667.png\" alt=\"\" class=\"wp-image-40638\" srcset=\"https:\/\/www.omio.it\/window-seat\/wp-content\/uploads\/2022\/07\/shutterstock_1039810435-1024x667.png 1024w, https:\/\/www.omio.it\/window-seat\/wp-content\/uploads\/2022\/07\/shutterstock_1039810435-300x195.png 300w, https:\/\/www.omio.it\/window-seat\/wp-content\/uploads\/2022\/07\/shutterstock_1039810435-768x500.png 768w, https:\/\/www.omio.it\/window-seat\/wp-content\/uploads\/2022\/07\/shutterstock_1039810435-1568x1022.png 1568w, https:\/\/www.omio.it\/window-seat\/wp-content\/uploads\/2022\/07\/shutterstock_1039810435-1536x1001.png 1536w, https:\/\/www.omio.it\/window-seat\/wp-content\/uploads\/2022\/07\/shutterstock_1039810435-2048x1334.png 2048w\" sizes=\"auto, (max-width: 1024px) 100vw, 1024px\" \/><figcaption>Il Plateau de Valensole, vicino a Manosque, \u00e8 uno dei luoghi pi\u00f9 spettacolari dai quali ammirare l&#8217;immensit\u00e0 dei campi di lavanda della Provenza. Credit: Shutterstock<\/figcaption><\/figure>\n<\/figure>\n\n\n\n<p><span style=\"font-weight: 400;\">In Alta Provenza, se ti avventuri sulla strada della lavanda tra <\/span><a href=\"https:\/\/www.omio.it\/?arrival_fk=379610&amp;_ga=2.132942350.1864468037.1655797283-1993742101.1635162919\" target=\"_blank\" rel=\"noreferrer noopener\"><span style=\"font-weight: 400;\">Manosque<\/span><\/a><span style=\"font-weight: 400;\"> e Digne-les-Bains, avrai le Alpi a farti da sfondo. Qui si trova anche l\u2019altopiano di Valensole, situato nel Parco naturale regionale del Verdon, uno dei luoghi pi\u00f9 belli di tutta la Provenza.<\/span><\/p>\n\n\n\n<p>Tra Manosque e Valensole si trova Les Grandes Marges, una tenuta specializzata nella coltivazione di lavanda, olive e mandorle che organizza tour dei suoi campi di lavanda e vende anche l&#8217;olio d&#8217;oliva biologico di produzione propria, oltre agli oli essenziali e alle mandorle. Prendi qualcosa da mangiare e siediti sulla terrazza o nell&#8217;area picnic, e termina lo spuntino con un gelato artigianale.<\/p>\n\n\n\n<figure class=\"wp-block-gallery has-nested-images columns-default is-cropped wp-block-gallery-10 is-layout-flex wp-block-gallery-is-layout-flex\">\n<figure class=\"wp-block-image size-large\"><img loading=\"lazy\" decoding=\"async\" width=\"1024\" height=\"732\" data-id=\"40644\" src=\"https:\/\/www.omio.it\/window-seat\/wp-content\/uploads\/2022\/07\/shutterstock_1868447965-1024x732.png\" alt=\"\" class=\"wp-image-40644\" srcset=\"https:\/\/www.omio.it\/window-seat\/wp-content\/uploads\/2022\/07\/shutterstock_1868447965-1024x732.png 1024w, https:\/\/www.omio.it\/window-seat\/wp-content\/uploads\/2022\/07\/shutterstock_1868447965-300x214.png 300w, https:\/\/www.omio.it\/window-seat\/wp-content\/uploads\/2022\/07\/shutterstock_1868447965-768x549.png 768w, https:\/\/www.omio.it\/window-seat\/wp-content\/uploads\/2022\/07\/shutterstock_1868447965-1568x1120.png 1568w, https:\/\/www.omio.it\/window-seat\/wp-content\/uploads\/2022\/07\/shutterstock_1868447965-1536x1098.png 1536w, https:\/\/www.omio.it\/window-seat\/wp-content\/uploads\/2022\/07\/shutterstock_1868447965-2048x1463.png 2048w\" sizes=\"auto, (max-width: 1024px) 100vw, 1024px\" \/><figcaption>Scopri tutti i profumi e gli aromi della lavanda da Lavandes Angelvin, un produttore locale. Credit: Shutterstock<\/figcaption><\/figure>\n<\/figure>\n\n\n\n<p>Sulla strada per Valensole incontrerai Lavandes Angelvin, un produttore locale la cui tenuta \u00e8 caratterizzata da splendide imposte color indaco, dove, oltre a visitare i campi, potrai assistere alla produzione dell\u2019olio di lavanda e dell\u2019acqua floreale.\n<\/p>\n\n\n\n<p>Una volta arrivato a Valensole, un incantevole dedalo di vicoli, rilassati su una delle tante terrazze o vai a visitare la chiesa di Saint-Blaise de Valensole che domina il villaggio.\n<\/p>\n\n\n\n<figure class=\"wp-block-gallery has-nested-images columns-default is-cropped wp-block-gallery-11 is-layout-flex wp-block-gallery-is-layout-flex\">\n<figure class=\"wp-block-image size-large\"><img loading=\"lazy\" decoding=\"async\" width=\"1024\" height=\"667\" data-id=\"40651\" src=\"https:\/\/www.omio.it\/window-seat\/wp-content\/uploads\/2022\/07\/shutterstock_1799691661-1024x667.png\" alt=\"\" class=\"wp-image-40651\" srcset=\"https:\/\/www.omio.it\/window-seat\/wp-content\/uploads\/2022\/07\/shutterstock_1799691661-1024x667.png 1024w, https:\/\/www.omio.it\/window-seat\/wp-content\/uploads\/2022\/07\/shutterstock_1799691661-300x195.png 300w, https:\/\/www.omio.it\/window-seat\/wp-content\/uploads\/2022\/07\/shutterstock_1799691661-768x500.png 768w, https:\/\/www.omio.it\/window-seat\/wp-content\/uploads\/2022\/07\/shutterstock_1799691661-1568x1022.png 1568w, https:\/\/www.omio.it\/window-seat\/wp-content\/uploads\/2022\/07\/shutterstock_1799691661-1536x1001.png 1536w, https:\/\/www.omio.it\/window-seat\/wp-content\/uploads\/2022\/07\/shutterstock_1799691661-2048x1334.png 2048w\" sizes=\"auto, (max-width: 1024px) 100vw, 1024px\" \/><figcaption>Prenditi una pausa dai campi di lavanda e vai a passeggiare nel dedalo di viuzze di Valensole. Credit: Shutterstock<\/figcaption><\/figure>\n<\/figure>\n\n\n\n<p><span style=\"font-weight: 400;\">Termina il tuo viaggio a <\/span><a href=\"https:\/\/www.omio.it\/?departure_fk=379620&amp;arrival_fk=438491&amp;_ga=2.132942350.1864468037.1655797283-1993742101.1635162919\"><span style=\"font-weight: 400;\">Digne-les-Bains<\/span><\/a><span style=\"font-weight: 400;\">, una delle capitali della lavanda provenzale. Da non perdere il Corso de la Lavande dal 5 al 9 agosto 2022 o il centenario della Fiera della Lavanda dal 25 al 29 agosto 2022. Entrambi sono eventi imperdibili in Provenza.<\/span><\/p>\n\n\n<div id=\"search-widget-overlay\" class=\"search-widget-overlay\">\r\n  <div class=\"search-widget-overlay__form\" data-search-widget-container>\r\n    <div class=\"search-widget-overlay__details\">\r\n      <button class=\"search-widget-overlay__close\" data-search-widget-close>\r\n        \u2715\r\n      <\/button>\r\n      <div class=\"search-widget-overlay__text\">\r\n        Provenza      <\/div>\r\n    <\/div>\r\n\r\n  <\/div>\r\n<\/div>\r\n\r\n<div class=\"search-widget-cta\">\r\n  <button class=\"search-widget-cta__button\" data-search-widget-cta>\r\n    Viaggia in Provenza  <\/button>\r\n<\/div>\n\n\n<p>Durante i quattro giorni di Corso de la Lavande, le strade sono animate da bande musicali colorate e, al tramonto, da carri decorati che illuminano la notte, creando un&#8217;atmosfera festosa. Se preferisci un clima pi\u00f9 tranquillo, alla Fiera della Lavanda potrai immergerti nel profumo e nell&#8217;aroma della lavanda che permea gli stand.<\/p>\n\n\n\n<p><span style=\"font-weight: 400;\">Dopo tutta questa festa e allegria, visita la cattedrale di Saint-J\u00e9r\u00f4me, una meraviglia neogotica, e rilassati nelle acque termali curative di Digne-les-Bains per terminare in tutto relax il tuo tour della <\/span><a href=\"https:\/\/www.omio.it\/window-seat\/cultura-stili-di-vita\/provenza-perche-la-regione-francese-e-unoasi-di-tranquillita\/\" target=\"_blank\" rel=\"noreferrer noopener\"><span style=\"font-weight: 400;\">Provenza<\/span><\/a><span style=\"font-weight: 400;\"> all&#8217;insegna della lavanda. <\/span><\/p>\n","protected":false},"excerpt":{"rendered":"<p>Verdi colline ricoperte da vigneti sotto cieli limpidi. Il cinguettio degli uccelli trasportato dalla brezza. L&#8217;aria intrisa del profumo della lavanda. Questa \u00e8 la quintessenza della Provenza in estate. Questa regione del sud della Francia \u00e8 famosa in tutto il mondo per il suo particolare terroir. La perfetta fusione dei manufatti dell&#8217;uomo con la natura&hellip; <a class=\"more-link\" href=\"https:\/\/www.omio.it\/window-seat\/it\/cultura-stili-di-vita\/attivita\/dove-vedere-i-piu-bei-campi-di-lavanda-in-provenza\/\">Continue reading <span class=\"screen-reader-text\">Dove vedere i pi\u00f9 bei campi di lavanda in Provenza<\/span><\/a><\/p>\n","protected":false},"author":10,"featured_media":40569,"comment_status":"open","ping_status":"open","sticky":false,"template":"","format":"standard","meta":{"_acf_changed":false,"inline_featured_image":false,"footnotes":""},"categories":[1996],"tags":[],"position_ids":[],"class_list":["post-41393","post","type-post","status-publish","format-standard","has-post-thumbnail","hentry","category-attivita","entry"],"acf":[],"yoast_head":"<!-- This site is optimized with the Yoast SEO plugin v24.9 - https:\/\/yoast.com\/wordpress\/plugins\/seo\/ -->\n<title>Dove vedere i pi\u00f9 bei campi di lavanda in Provenza | Omio<\/title>\n<meta name=\"description\" content=\"Scopri dove vedere i campi di lavanda pi\u00f9 belli della Francia vicino a Aix-en-Provence, Avignone, Marsiglia e Mont Ventoux. 1. Gordes 2. Valensole 3. Vaucluse...\" \/>\n<meta name=\"robots\" content=\"index, follow, max-snippet:-1, max-image-preview:large, max-video-preview:-1\" \/>\n<link rel=\"canonical\" href=\"https:\/\/www.omio.it\/window-seat\/cultura-stili-di-vita\/attivita\/dove-vedere-i-piu-bei-campi-di-lavanda-in-provenza\/\" \/>\n<meta property=\"og:locale\" content=\"en_US\" \/>\n<meta property=\"og:type\" content=\"article\" \/>\n<meta property=\"og:title\" content=\"Dove vedere i pi\u00f9 bei campi di lavanda in Provenza | Omio\" \/>\n<meta property=\"og:description\" content=\"Scopri dove vedere i campi di lavanda pi\u00f9 belli della Francia vicino a Aix-en-Provence, Avignone, Marsiglia e Mont Ventoux. 1. Gordes 2. Valensole 3. Vaucluse...\" \/>\n<meta property=\"og:url\" content=\"https:\/\/www.omio.it\/window-seat\/it\/cultura-stili-di-vita\/attivita\/dove-vedere-i-piu-bei-campi-di-lavanda-in-provenza\/\" \/>\n<meta property=\"og:site_name\" content=\"The Window Seat\" \/>\n<meta property=\"article:published_time\" content=\"2022-07-21T09:00:00+00:00\" \/>\n<meta property=\"article:modified_time\" content=\"2022-08-01T13:25:39+00:00\" \/>\n<meta property=\"og:image\" content=\"https:\/\/www.omio.it\/window-seat\/wp-content\/uploads\/2022\/07\/shutterstock_510805336-1024x667.png\" \/>\n\t<meta property=\"og:image:width\" content=\"1024\" \/>\n\t<meta property=\"og:image:height\" content=\"667\" \/>\n\t<meta property=\"og:image:type\" content=\"image\/png\" \/>\n<meta name=\"author\" content=\"Melek Carkaci\" \/>\n<meta name=\"twitter:card\" content=\"summary_large_image\" \/>\n<meta name=\"twitter:label1\" content=\"Written by\" \/>\n\t<meta name=\"twitter:data1\" content=\"Melek Carkaci\" \/>\n\t<meta name=\"twitter:label2\" content=\"Est. reading time\" \/>\n\t<meta name=\"twitter:data2\" content=\"11 minutes\" \/>\n<script type=\"application\/ld+json\" class=\"yoast-schema-graph\">{\"@context\":\"https:\/\/schema.org\",\"@graph\":[{\"@type\":\"WebPage\",\"@id\":\"https:\/\/www.omio.it\/window-seat\/it\/cultura-stili-di-vita\/attivita\/dove-vedere-i-piu-bei-campi-di-lavanda-in-provenza\/\",\"url\":\"https:\/\/www.omio.it\/window-seat\/it\/cultura-stili-di-vita\/attivita\/dove-vedere-i-piu-bei-campi-di-lavanda-in-provenza\/\",\"name\":\"Dove vedere i pi\u00f9 bei campi di lavanda in Provenza | Omio\",\"isPartOf\":{\"@id\":\"https:\/\/www.omio.it\/window-seat\/#website\"},\"primaryImageOfPage\":{\"@id\":\"https:\/\/www.omio.it\/window-seat\/it\/cultura-stili-di-vita\/attivita\/dove-vedere-i-piu-bei-campi-di-lavanda-in-provenza\/#primaryimage\"},\"image\":{\"@id\":\"https:\/\/www.omio.it\/window-seat\/it\/cultura-stili-di-vita\/attivita\/dove-vedere-i-piu-bei-campi-di-lavanda-in-provenza\/#primaryimage\"},\"thumbnailUrl\":\"https:\/\/www.omio.it\/window-seat\/wp-content\/uploads\/2022\/07\/shutterstock_510805336.png\",\"datePublished\":\"2022-07-21T09:00:00+00:00\",\"dateModified\":\"2022-08-01T13:25:39+00:00\",\"author\":{\"@id\":\"https:\/\/www.omio.it\/window-seat\/#\/schema\/person\/aa26f7149b7e0fcab9c1c8c5713fd830\"},\"description\":\"Scopri dove vedere i campi di lavanda pi\u00f9 belli della Francia vicino a Aix-en-Provence, Avignone, Marsiglia e Mont Ventoux. 1. Gordes 2. Valensole 3. Vaucluse...\",\"breadcrumb\":{\"@id\":\"https:\/\/www.omio.it\/window-seat\/it\/cultura-stili-di-vita\/attivita\/dove-vedere-i-piu-bei-campi-di-lavanda-in-provenza\/#breadcrumb\"},\"inLanguage\":\"en-US\",\"potentialAction\":[{\"@type\":\"ReadAction\",\"target\":[\"https:\/\/www.omio.it\/window-seat\/it\/cultura-stili-di-vita\/attivita\/dove-vedere-i-piu-bei-campi-di-lavanda-in-provenza\/\"]}]},{\"@type\":\"ImageObject\",\"inLanguage\":\"en-US\",\"@id\":\"https:\/\/www.omio.it\/window-seat\/it\/cultura-stili-di-vita\/attivita\/dove-vedere-i-piu-bei-campi-di-lavanda-in-provenza\/#primaryimage\",\"url\":\"https:\/\/www.omio.it\/window-seat\/wp-content\/uploads\/2022\/07\/shutterstock_510805336.png\",\"contentUrl\":\"https:\/\/www.omio.it\/window-seat\/wp-content\/uploads\/2022\/07\/shutterstock_510805336.png\",\"width\":3840,\"height\":2502,\"caption\":\"Lavender season in Provence means shades of purple, stretching out of sight. Credit: Shutterstock\"},{\"@type\":\"BreadcrumbList\",\"@id\":\"https:\/\/www.omio.it\/window-seat\/it\/cultura-stili-di-vita\/attivita\/dove-vedere-i-piu-bei-campi-di-lavanda-in-provenza\/#breadcrumb\",\"itemListElement\":[{\"@type\":\"ListItem\",\"position\":1,\"name\":\"The Window Seat\",\"item\":\"https:\/\/www.omio.it\/window-seat\/\"},{\"@type\":\"ListItem\",\"position\":2,\"name\":\"Culture &amp; Lifestyle\",\"item\":\"https:\/\/www.omio.it\/window-seat\/culture-lifestyle\/\"},{\"@type\":\"ListItem\",\"position\":3,\"name\":\"Activities\",\"item\":\"https:\/\/www.omio.it\/window-seat\/culture-lifestyle\/activities\/\"},{\"@type\":\"ListItem\",\"position\":4,\"name\":\"Dove vedere i pi\u00f9 bei campi di lavanda in Provenza\"}]},{\"@type\":\"WebSite\",\"@id\":\"https:\/\/www.omio.it\/window-seat\/#website\",\"url\":\"https:\/\/www.omio.it\/window-seat\/\",\"name\":\"The Window Seat\",\"description\":\"\",\"potentialAction\":[{\"@type\":\"SearchAction\",\"target\":{\"@type\":\"EntryPoint\",\"urlTemplate\":\"https:\/\/www.omio.it\/window-seat\/?s={search_term_string}\"},\"query-input\":{\"@type\":\"PropertyValueSpecification\",\"valueRequired\":true,\"valueName\":\"search_term_string\"}}],\"inLanguage\":\"en-US\"},{\"@type\":\"Person\",\"@id\":\"https:\/\/www.omio.it\/window-seat\/#\/schema\/person\/aa26f7149b7e0fcab9c1c8c5713fd830\",\"name\":\"Melek Carkaci\",\"image\":{\"@type\":\"ImageObject\",\"inLanguage\":\"en-US\",\"@id\":\"https:\/\/www.omio.it\/window-seat\/#\/schema\/person\/image\/\",\"url\":\"https:\/\/secure.gravatar.com\/avatar\/36a542faaab71cd0c5e28f4ef1b4a47a73c2555729dc68125edeea3f89dbe027?s=96&d=mm&r=g\",\"contentUrl\":\"https:\/\/secure.gravatar.com\/avatar\/36a542faaab71cd0c5e28f4ef1b4a47a73c2555729dc68125edeea3f89dbe027?s=96&d=mm&r=g\",\"caption\":\"Melek Carkaci\"}}]}<\/script>\n<!-- \/ Yoast SEO plugin. -->","yoast_head_json":{"title":"Dove vedere i pi\u00f9 bei campi di lavanda in Provenza | Omio","description":"Scopri dove vedere i campi di lavanda pi\u00f9 belli della Francia vicino a Aix-en-Provence, Avignone, Marsiglia e Mont Ventoux. 1. Gordes 2. Valensole 3. Vaucluse...","robots":{"index":"index","follow":"follow","max-snippet":"max-snippet:-1","max-image-preview":"max-image-preview:large","max-video-preview":"max-video-preview:-1"},"canonical":"https:\/\/www.omio.it\/window-seat\/cultura-stili-di-vita\/attivita\/dove-vedere-i-piu-bei-campi-di-lavanda-in-provenza\/","og_locale":"en_US","og_type":"article","og_title":"Dove vedere i pi\u00f9 bei campi di lavanda in Provenza | Omio","og_description":"Scopri dove vedere i campi di lavanda pi\u00f9 belli della Francia vicino a Aix-en-Provence, Avignone, Marsiglia e Mont Ventoux. 1. Gordes 2. Valensole 3. Vaucluse...","og_url":"https:\/\/www.omio.it\/window-seat\/it\/cultura-stili-di-vita\/attivita\/dove-vedere-i-piu-bei-campi-di-lavanda-in-provenza\/","og_site_name":"The Window Seat","article_published_time":"2022-07-21T09:00:00+00:00","article_modified_time":"2022-08-01T13:25:39+00:00","og_image":[{"width":1024,"height":667,"url":"https:\/\/www.omio.it\/window-seat\/wp-content\/uploads\/2022\/07\/shutterstock_510805336-1024x667.png","type":"image\/png"}],"author":"Melek Carkaci","twitter_card":"summary_large_image","twitter_misc":{"Written by":"Melek Carkaci","Est. reading time":"11 minutes"},"schema":{"@context":"https:\/\/schema.org","@graph":[{"@type":"WebPage","@id":"https:\/\/www.omio.it\/window-seat\/it\/cultura-stili-di-vita\/attivita\/dove-vedere-i-piu-bei-campi-di-lavanda-in-provenza\/","url":"https:\/\/www.omio.it\/window-seat\/it\/cultura-stili-di-vita\/attivita\/dove-vedere-i-piu-bei-campi-di-lavanda-in-provenza\/","name":"Dove vedere i pi\u00f9 bei campi di lavanda in Provenza | Omio","isPartOf":{"@id":"https:\/\/www.omio.it\/window-seat\/#website"},"primaryImageOfPage":{"@id":"https:\/\/www.omio.it\/window-seat\/it\/cultura-stili-di-vita\/attivita\/dove-vedere-i-piu-bei-campi-di-lavanda-in-provenza\/#primaryimage"},"image":{"@id":"https:\/\/www.omio.it\/window-seat\/it\/cultura-stili-di-vita\/attivita\/dove-vedere-i-piu-bei-campi-di-lavanda-in-provenza\/#primaryimage"},"thumbnailUrl":"https:\/\/www.omio.it\/window-seat\/wp-content\/uploads\/2022\/07\/shutterstock_510805336.png","datePublished":"2022-07-21T09:00:00+00:00","dateModified":"2022-08-01T13:25:39+00:00","author":{"@id":"https:\/\/www.omio.it\/window-seat\/#\/schema\/person\/aa26f7149b7e0fcab9c1c8c5713fd830"},"description":"Scopri dove vedere i campi di lavanda pi\u00f9 belli della Francia vicino a Aix-en-Provence, Avignone, Marsiglia e Mont Ventoux. 1. Gordes 2. Valensole 3. Vaucluse...","breadcrumb":{"@id":"https:\/\/www.omio.it\/window-seat\/it\/cultura-stili-di-vita\/attivita\/dove-vedere-i-piu-bei-campi-di-lavanda-in-provenza\/#breadcrumb"},"inLanguage":"en-US","potentialAction":[{"@type":"ReadAction","target":["https:\/\/www.omio.it\/window-seat\/it\/cultura-stili-di-vita\/attivita\/dove-vedere-i-piu-bei-campi-di-lavanda-in-provenza\/"]}]},{"@type":"ImageObject","inLanguage":"en-US","@id":"https:\/\/www.omio.it\/window-seat\/it\/cultura-stili-di-vita\/attivita\/dove-vedere-i-piu-bei-campi-di-lavanda-in-provenza\/#primaryimage","url":"https:\/\/www.omio.it\/window-seat\/wp-content\/uploads\/2022\/07\/shutterstock_510805336.png","contentUrl":"https:\/\/www.omio.it\/window-seat\/wp-content\/uploads\/2022\/07\/shutterstock_510805336.png","width":3840,"height":2502,"caption":"Lavender season in Provence means shades of purple, stretching out of sight. Credit: Shutterstock"},{"@type":"BreadcrumbList","@id":"https:\/\/www.omio.it\/window-seat\/it\/cultura-stili-di-vita\/attivita\/dove-vedere-i-piu-bei-campi-di-lavanda-in-provenza\/#breadcrumb","itemListElement":[{"@type":"ListItem","position":1,"name":"The Window Seat","item":"https:\/\/www.omio.it\/window-seat\/"},{"@type":"ListItem","position":2,"name":"Culture &amp; Lifestyle","item":"https:\/\/www.omio.it\/window-seat\/culture-lifestyle\/"},{"@type":"ListItem","position":3,"name":"Activities","item":"https:\/\/www.omio.it\/window-seat\/culture-lifestyle\/activities\/"},{"@type":"ListItem","position":4,"name":"Dove vedere i pi\u00f9 bei campi di lavanda in Provenza"}]},{"@type":"WebSite","@id":"https:\/\/www.omio.it\/window-seat\/#website","url":"https:\/\/www.omio.it\/window-seat\/","name":"The Window Seat","description":"","potentialAction":[{"@type":"SearchAction","target":{"@type":"EntryPoint","urlTemplate":"https:\/\/www.omio.it\/window-seat\/?s={search_term_string}"},"query-input":{"@type":"PropertyValueSpecification","valueRequired":true,"valueName":"search_term_string"}}],"inLanguage":"en-US"},{"@type":"Person","@id":"https:\/\/www.omio.it\/window-seat\/#\/schema\/person\/aa26f7149b7e0fcab9c1c8c5713fd830","name":"Melek Carkaci","image":{"@type":"ImageObject","inLanguage":"en-US","@id":"https:\/\/www.omio.it\/window-seat\/#\/schema\/person\/image\/","url":"https:\/\/secure.gravatar.com\/avatar\/36a542faaab71cd0c5e28f4ef1b4a47a73c2555729dc68125edeea3f89dbe027?s=96&d=mm&r=g","contentUrl":"https:\/\/secure.gravatar.com\/avatar\/36a542faaab71cd0c5e28f4ef1b4a47a73c2555729dc68125edeea3f89dbe027?s=96&d=mm&r=g","caption":"Melek Carkaci"}}]}},"_links":{"self":[{"href":"https:\/\/www.omio.it\/window-seat\/wp-json\/wp\/v2\/posts\/41393","targetHints":{"allow":["GET"]}}],"collection":[{"href":"https:\/\/www.omio.it\/window-seat\/wp-json\/wp\/v2\/posts"}],"about":[{"href":"https:\/\/www.omio.it\/window-seat\/wp-json\/wp\/v2\/types\/post"}],"author":[{"embeddable":true,"href":"https:\/\/www.omio.it\/window-seat\/wp-json\/wp\/v2\/users\/10"}],"replies":[{"embeddable":true,"href":"https:\/\/www.omio.it\/window-seat\/wp-json\/wp\/v2\/comments?post=41393"}],"version-history":[{"count":4,"href":"https:\/\/www.omio.it\/window-seat\/wp-json\/wp\/v2\/posts\/41393\/revisions"}],"predecessor-version":[{"id":41820,"href":"https:\/\/www.omio.it\/window-seat\/wp-json\/wp\/v2\/posts\/41393\/revisions\/41820"}],"wp:featuredmedia":[{"embeddable":true,"href":"https:\/\/www.omio.it\/window-seat\/wp-json\/wp\/v2\/media\/40569"}],"wp:attachment":[{"href":"https:\/\/www.omio.it\/window-seat\/wp-json\/wp\/v2\/media?parent=41393"}],"wp:term":[{"taxonomy":"category","embeddable":true,"href":"https:\/\/www.omio.it\/window-seat\/wp-json\/wp\/v2\/categories?post=41393"},{"taxonomy":"post_tag","embeddable":true,"href":"https:\/\/www.omio.it\/window-seat\/wp-json\/wp\/v2\/tags?post=41393"},{"taxonomy":"position_id","embeddable":true,"href":"https:\/\/www.omio.it\/window-seat\/wp-json\/wp\/v2\/position_ids?post=41393"}],"curies":[{"name":"wp","href":"https:\/\/api.w.org\/{rel}","templated":true}]}}