{"id":47613,"date":"2023-02-09T13:13:17","date_gmt":"2023-02-09T13:13:17","guid":{"rendered":"https:\/\/www.omio.it\/window-seat\/scoprire\/shopping-a-milano-la-capitale-italiana-della-moda\/"},"modified":"2023-02-09T15:38:48","modified_gmt":"2023-02-09T15:38:48","slug":"shopping-a-milano-la-capitale-italiana-della-moda","status":"publish","type":"post","link":"https:\/\/www.omio.it\/window-seat\/it\/cultura-stili-di-vita\/attivita\/shopping-a-milano-la-capitale-italiana-della-moda\/","title":{"rendered":"Shopping a Milano, la capitale italiana della moda"},"content":{"rendered":"\n<p><span style=\"font-weight: 400;\">Ah, Milano! Elegante e artistica, la capitale italiana del design e della moda si dimostra all\u2019altezza della sua reputazione a livello mondiale. In fondo alcuni dei pi\u00f9 grandi stilisti della storia sono di casa in citt\u00e0, tra cui Miuccia Prada, Gianni Versace e Giorgio Armani. Dagli anni \u201950, la metropoli meneghina \u00e8 uno dei poli indiscussi della creativit\u00e0 grazie anche al suo passato industriale. Non c\u2019\u00e8 da meravigliarsi che sia diventata la <\/span><a href=\"https:\/\/www.omio.it\/window-seat\/cultura-stili-di-vita\/citta-da-passerella-ecco-le-principali-capitali-mondiali-della-moda\/\"><span style=\"font-weight: 400;\">capitale italiana della moda<\/span><\/a><span style=\"font-weight: 400;\">,<\/span><span style=\"font-weight: 400;\"> surclassando citt\u00e0 del calibro di <\/span><a href=\"https:\/\/www.omio.it\/treni\/roma\"><span style=\"font-weight: 400;\">Roma<\/span><\/a><span style=\"font-weight: 400;\"> e <\/span><a href=\"https:\/\/www.omio.it\/treni\/firenze\"><span style=\"font-weight: 400;\">Firenze<\/span><\/a><span style=\"font-weight: 400;\">.<\/span><\/p>\n\n<p><span style=\"font-weight: 400;\">Le architetture della citt\u00e0 e gli outfit dei milanesi sono rappresentativi della moda tanto quanto le rinomate boutique situate nelle vie dello shopping dei quartieri pi\u00f9 chic. Milano \u00e8 conosciuta per le <\/span><a href=\"https:\/\/www.omio.it\/window-seat\/cultura-stili-di-vita\/citta-da-passerella-ecco-le-principali-capitali-mondiali-della-moda\/\"><span style=\"font-weight: 400;\">sartorie di fascia alta e i tessuti pregiati<\/span><\/a><span style=\"font-weight: 400;\">, ma negli ultimi anni i negozi vintage hanno fatto la loro comparsa in citt\u00e0 come Sacha Baron Cohen sulla passerella di \u00c1gatha Ruiz de la Prada, trasformando Milano nella destinazione ideale in cui fare shopping in modo sostenibile.\u00a0<\/span><\/p>\n\n<p><span style=\"font-weight: 400;\">Continua a leggere la nostra guida per scoprire il meglio del mondo della moda <\/span><a href=\"https:\/\/www.omio.it\/treni\/milano\"><span style=\"font-weight: 400;\">milanese<\/span><\/a><span style=\"font-weight: 400;\">, dalle classiche vie dello shopping di lusso alle alternative pi\u00f9 economiche ed ecologiche. La Milano Fashion Week non avr\u00e0 pi\u00f9 segreti per te.<\/span><\/p>\n<div id=\"search-widget-overlay\" class=\"search-widget-overlay\">\r\n  <div class=\"search-widget-overlay__form\" data-search-widget-container>\r\n    <div class=\"search-widget-overlay__details\">\r\n      <button class=\"search-widget-overlay__close\" data-search-widget-close>\r\n        \u2715\r\n      <\/button>\r\n      <div class=\"search-widget-overlay__text\">\r\n        Tickets to Milan      <\/div>\r\n    <\/div>\r\n\r\n  <\/div>\r\n<\/div>\r\n\r\n<div class=\"search-widget-cta\">\r\n  <button class=\"search-widget-cta__button\" data-search-widget-cta>\r\n    Tickets to Milan  <\/button>\r\n<\/div>\n<h3 class=\"wp-block-heading\"><b>Quadrilatero della Moda<\/b><b>: paradiso dell\u2019haute couture<\/b><\/h3>\n\n<figure class=\"wp-block-gallery has-nested-images columns-default is-cropped wp-block-gallery-1 is-layout-flex wp-block-gallery-is-layout-flex\">\n<figure class=\"wp-block-image size-large\"><img loading=\"lazy\" decoding=\"async\" width=\"683\" height=\"1024\" data-id=\"47519\" src=\"https:\/\/www.omio.it\/window-seat\/wp-content\/uploads\/2023\/02\/Quadrilatero-della-Moda-milan-fashion-2-683x1024.jpg\" alt=\"Milan\" class=\"wp-image-47519\" srcset=\"https:\/\/www.omio.it\/window-seat\/wp-content\/uploads\/2023\/02\/Quadrilatero-della-Moda-milan-fashion-2-683x1024.jpg 683w, https:\/\/www.omio.it\/window-seat\/wp-content\/uploads\/2023\/02\/Quadrilatero-della-Moda-milan-fashion-2-200x300.jpg 200w, https:\/\/www.omio.it\/window-seat\/wp-content\/uploads\/2023\/02\/Quadrilatero-della-Moda-milan-fashion-2-768x1152.jpg 768w, https:\/\/www.omio.it\/window-seat\/wp-content\/uploads\/2023\/02\/Quadrilatero-della-Moda-milan-fashion-2-1024x1536.jpg 1024w, https:\/\/www.omio.it\/window-seat\/wp-content\/uploads\/2023\/02\/Quadrilatero-della-Moda-milan-fashion-2.jpg 1267w\" sizes=\"auto, (max-width: 683px) 100vw, 683px\" \/><figcaption class=\"wp-element-caption\">From Miuccia Prada to Gianni Versace to Giorgio Armani, Milan is home to the greatest haute couture institutions, perfectly blending in with the city\u2019s architecture. Credit: Getty Images&#13;\n<\/figcaption><\/figure>\n<\/figure>\n\n<p><span style=\"font-weight: 400;\">Non sorprende che l\u2019alta moda sia una delle prime cose che vengono in mente quando si pensa a <\/span><a href=\"https:\/\/www.omio.it\/window-seat\/paesi\/italia\/milano\/\"><span style=\"font-weight: 400;\">Milano<\/span><\/a><span style=\"font-weight: 400;\">, visto che la metropoli fa da cornice alla <\/span><span style=\"font-weight: 400;\">Milano Fashion Week<\/span><span style=\"font-weight: 400;\"> dal 1958. La settimana della moda, che si tiene ogni anno a settembre e febbraio, \u00e8 uno degli eventi pi\u00f9 importanti dell\u2019agenda cittadina.<\/span><\/p>\n\n<figure class=\"wp-block-gallery has-nested-images columns-default is-cropped wp-block-gallery-2 is-layout-flex wp-block-gallery-is-layout-flex\">\n<figure class=\"wp-block-image size-large\"><img loading=\"lazy\" decoding=\"async\" width=\"768\" height=\"1024\" data-id=\"47525\" src=\"https:\/\/www.omio.it\/window-seat\/wp-content\/uploads\/2023\/02\/gucci-outside-building-milan-768x1024.jpg\" alt=\"Gucci Milan\" class=\"wp-image-47525\" srcset=\"https:\/\/www.omio.it\/window-seat\/wp-content\/uploads\/2023\/02\/gucci-outside-building-milan-768x1024.jpg 768w, https:\/\/www.omio.it\/window-seat\/wp-content\/uploads\/2023\/02\/gucci-outside-building-milan-225x300.jpg 225w, https:\/\/www.omio.it\/window-seat\/wp-content\/uploads\/2023\/02\/gucci-outside-building-milan-1152x1536.jpg 1152w, https:\/\/www.omio.it\/window-seat\/wp-content\/uploads\/2023\/02\/gucci-outside-building-milan.jpg 1425w\" sizes=\"auto, (max-width: 768px) 100vw, 768px\" \/><figcaption class=\"wp-element-caption\">Designer brands such as Prada and Gucci are part of Milan\u2019s elegant silhouette. Credit: Bjorn Agerbeek\/Unsplash&#13;\n<\/figcaption><\/figure>\n<\/figure>\n\n<p>Che tu voglia acquistare un souvenir o semplicemente goderti una passeggiata tra le vetrine, un giro nel Quadrilatero della Moda \u00e8 d\u2019obbligo. Le sue quattro vie principali (Via Manzoni, Corso Venezia, Via della Spiga e Via Monte Napoleone) ti accoglieranno con uno spettacolo di forme e colori mentre cammini tra le sfavillanti vetrine delle boutique di Gucci, Prada e Moschino, nonch\u00e9 tra quelle di importazione francese come C\u00e9line e Chanel. Vista la grande cura con cui sono allestite le vetrine qui, \u00e8 facile scambiarle per opere d\u2019arte.&#13;\n<\/p>\n\n<p>Se vuoi vivere un\u2019esperienza ancora pi\u00f9 coinvolgente, non perderti l\u2019Emporio Armani Milano Manzoni in Via Alessandro Manzoni, che vanta, oltre alla boutique, anche una libreria, un hotel a cinque stelle con spa, una caffetteria e un ristorante con un men\u00f9 ricco di rivisitazioni della tradizione italiana e opzioni vegane gourmet.&#13;\n<\/p>\n\n<h3 class=\"wp-block-heading\"><b>Galleria Vittorio Emanuele II<\/b><b>: shopping di lusso<\/b><\/h3>\n\n<figure class=\"wp-block-gallery has-nested-images columns-default is-cropped wp-block-gallery-3 is-layout-flex wp-block-gallery-is-layout-flex\">\n<figure class=\"wp-block-image size-large\"><img loading=\"lazy\" decoding=\"async\" width=\"1024\" height=\"683\" data-id=\"47531\" src=\"https:\/\/www.omio.it\/window-seat\/wp-content\/uploads\/2023\/02\/Galleria-Vittorio-Emanuele-milan_shopping-1024x683.jpg\" alt=\"la sontuosa Galleria Vittorio Emanuele II\" class=\"wp-image-47531\" srcset=\"https:\/\/www.omio.it\/window-seat\/wp-content\/uploads\/2023\/02\/Galleria-Vittorio-Emanuele-milan_shopping-1024x683.jpg 1024w, https:\/\/www.omio.it\/window-seat\/wp-content\/uploads\/2023\/02\/Galleria-Vittorio-Emanuele-milan_shopping-300x200.jpg 300w, https:\/\/www.omio.it\/window-seat\/wp-content\/uploads\/2023\/02\/Galleria-Vittorio-Emanuele-milan_shopping-768x512.jpg 768w, https:\/\/www.omio.it\/window-seat\/wp-content\/uploads\/2023\/02\/Galleria-Vittorio-Emanuele-milan_shopping-1536x1024.jpg 1536w, https:\/\/www.omio.it\/window-seat\/wp-content\/uploads\/2023\/02\/Galleria-Vittorio-Emanuele-milan_shopping-1568x1046.jpg 1568w, https:\/\/www.omio.it\/window-seat\/wp-content\/uploads\/2023\/02\/Galleria-Vittorio-Emanuele-milan_shopping.jpg 1900w\" sizes=\"auto, (max-width: 1024px) 100vw, 1024px\" \/><figcaption class=\"wp-element-caption\">Shopping di lusso: la sontuosa Galleria Vittorio Emanuele II \u00e8 famosa in tutto il mondo per le sue vetrine. Credit: Getty Images&#13;\n<\/figcaption><\/figure>\n<\/figure>\n\n<p>Vicino al Quadrilatero della Moda si trova l\u2019elegante Galleria Vittorio Emanuele II, una galleria storica dove i beni di lusso si fondono perfettamente con la bellezza architettonica, caratterizzata da pavimenti in mosaico e ampi portici sormontati da una spettacolare cupola in vetro. Costruita nel 1877, vanta il titolo di pi\u00f9 antica galleria commerciale d\u2019Italia e ospita boutique di rinomate case della moda italiane e internazionali come Louis Vuitton, Prada, Gucci e molte altre, oltre a piccoli negozi artigianali, librerie e ristoranti.&#13;\n<\/p>\n\n<figure class=\"wp-block-gallery has-nested-images columns-default is-cropped wp-block-gallery-4 is-layout-flex wp-block-gallery-is-layout-flex\">\n<figure class=\"wp-block-image size-large\"><img loading=\"lazy\" decoding=\"async\" width=\"1024\" height=\"643\" data-id=\"47537\" src=\"https:\/\/www.omio.it\/window-seat\/wp-content\/uploads\/2023\/02\/milan-duomo-cathedral-1024x643.jpg\" alt=\"Duomo di Milano\" class=\"wp-image-47537\" srcset=\"https:\/\/www.omio.it\/window-seat\/wp-content\/uploads\/2023\/02\/milan-duomo-cathedral-1024x643.jpg 1024w, https:\/\/www.omio.it\/window-seat\/wp-content\/uploads\/2023\/02\/milan-duomo-cathedral-300x188.jpg 300w, https:\/\/www.omio.it\/window-seat\/wp-content\/uploads\/2023\/02\/milan-duomo-cathedral-768x482.jpg 768w, https:\/\/www.omio.it\/window-seat\/wp-content\/uploads\/2023\/02\/milan-duomo-cathedral-1536x964.jpg 1536w, https:\/\/www.omio.it\/window-seat\/wp-content\/uploads\/2023\/02\/milan-duomo-cathedral-1568x985.jpg 1568w, https:\/\/www.omio.it\/window-seat\/wp-content\/uploads\/2023\/02\/milan-duomo-cathedral.jpg 1900w\" sizes=\"auto, (max-width: 1024px) 100vw, 1024px\" \/><figcaption class=\"wp-element-caption\">La Galleria Vittorio Emanuele II \u00e8 il punto di partenza ideale per esplorare il centro storico di Milano ammirando le vetrine pi\u00f9 belle della citt\u00e0. Credit: Getty Images&#13;\n<\/figcaption><\/figure>\n<\/figure>\n\n<p><span style=\"font-weight: 400;\">Dalla Galleria Vittorio Emanuele II puoi facilmente raggiungere il<\/span><span style=\"font-weight: 400;\"> Duomo di <\/span><a href=\"https:\/\/www.omio.it\/autobus\/milano\"><span style=\"font-weight: 400;\">Milano<\/span><\/a><span style=\"font-weight: 400;\"> e il <\/span><span style=\"font-weight: 400;\">Teatro alla Scala<\/span><span style=\"font-weight: 400;\">. E se non hai ancora trovato quello che cercavi, <\/span><span style=\"font-weight: 400;\">Corso Vittorio Emanuele II<\/span><span style=\"font-weight: 400;\">, un\u2019elegante via pedonale che collega <\/span><span style=\"font-weight: 400;\">Piazza del Duomo<\/span><span style=\"font-weight: 400;\"> a Piazza San Babila, ti tenter\u00e0 sicuramente con i suoi negozi a buon prezzo.<\/span><\/p>\n\n<h3 class=\"wp-block-heading\"><b>La Rinascente Milano<\/b><b>: un centro commerciale in perfetto stile milanese<\/b><\/h3>\n\n<figure class=\"wp-block-gallery has-nested-images columns-default is-cropped wp-block-gallery-5 is-layout-flex wp-block-gallery-is-layout-flex\">\n<figure class=\"wp-block-image size-large\"><img loading=\"lazy\" decoding=\"async\" width=\"1024\" height=\"683\" data-id=\"47543\" src=\"https:\/\/www.omio.it\/window-seat\/wp-content\/uploads\/2023\/02\/milan-store-windows-2-1024x683.jpg\" alt=\"Milan\" class=\"wp-image-47543\" srcset=\"https:\/\/www.omio.it\/window-seat\/wp-content\/uploads\/2023\/02\/milan-store-windows-2-1024x683.jpg 1024w, https:\/\/www.omio.it\/window-seat\/wp-content\/uploads\/2023\/02\/milan-store-windows-2-300x200.jpg 300w, https:\/\/www.omio.it\/window-seat\/wp-content\/uploads\/2023\/02\/milan-store-windows-2-768x512.jpg 768w, https:\/\/www.omio.it\/window-seat\/wp-content\/uploads\/2023\/02\/milan-store-windows-2-1536x1024.jpg 1536w, https:\/\/www.omio.it\/window-seat\/wp-content\/uploads\/2023\/02\/milan-store-windows-2-1568x1046.jpg 1568w, https:\/\/www.omio.it\/window-seat\/wp-content\/uploads\/2023\/02\/milan-store-windows-2.jpg 1900w\" sizes=\"auto, (max-width: 1024px) 100vw, 1024px\" \/><figcaption class=\"wp-element-caption\">Unique fashion pieces and elegant shop windows can be seen in every corner of Milan, Italy. Credit: Getty Images&#13;\n<\/figcaption><\/figure>\n<\/figure>\n\n<p>Chi ama lo shopping trascorre molte ore girando in lungo e in largo le boutique per trovare il capo perfetto, ma se hai poco tempo vai alla Rinascente, un ampio centro commerciale con portici in pietra situato in Piazza del Duomo e con una storia di oltre 150 anni.&#13;\n<\/p>\n\n<p>Nei 10 negozi della Rinascente si trova di tutto: marchi di alta moda, arredamento per la casa, prodotti di bellezza e ristoranti. Il centro commerciale offre anche un servizio di personal shopper gratuito per un\u2019esperienza VIP unica! Per due ore avrai a tua disposizione degli esperti pronti a consigliarti, oltre a una selezione di capi scelti in base alle tue preferenze, dalla moda alla bellezza fino al design per la casa.&#13;\n<\/p>\n\n<figure class=\"wp-block-gallery has-nested-images columns-default is-cropped wp-block-gallery-6 is-layout-flex wp-block-gallery-is-layout-flex\">\n<figure class=\"wp-block-image size-large\"><img loading=\"lazy\" decoding=\"async\" width=\"1024\" height=\"576\" data-id=\"47549\" src=\"https:\/\/www.omio.it\/window-seat\/wp-content\/uploads\/2023\/02\/obica-mozzarella-bar-milano-duomo-rinascente-2-1024x576.jpg\" alt=\"La Rinascente\" class=\"wp-image-47549\" srcset=\"https:\/\/www.omio.it\/window-seat\/wp-content\/uploads\/2023\/02\/obica-mozzarella-bar-milano-duomo-rinascente-2-1024x576.jpg 1024w, https:\/\/www.omio.it\/window-seat\/wp-content\/uploads\/2023\/02\/obica-mozzarella-bar-milano-duomo-rinascente-2-300x169.jpg 300w, https:\/\/www.omio.it\/window-seat\/wp-content\/uploads\/2023\/02\/obica-mozzarella-bar-milano-duomo-rinascente-2-768x432.jpg 768w, https:\/\/www.omio.it\/window-seat\/wp-content\/uploads\/2023\/02\/obica-mozzarella-bar-milano-duomo-rinascente-2-1536x864.jpg 1536w, https:\/\/www.omio.it\/window-seat\/wp-content\/uploads\/2023\/02\/obica-mozzarella-bar-milano-duomo-rinascente-2-1568x882.jpg 1568w, https:\/\/www.omio.it\/window-seat\/wp-content\/uploads\/2023\/02\/obica-mozzarella-bar-milano-duomo-rinascente-2.jpg 1900w\" sizes=\"auto, (max-width: 1024px) 100vw, 1024px\" \/><figcaption class=\"wp-element-caption\">Dopo tutta questa fatica, concediti un po\u2019 di relax. Da Obic\u00e0 Mozzarella Bar, sulla terrazza della Rinascente, prova  i migliori piatti della tradizione italiana con vista sulle maestose guglie del Duomo. Credit: Obic\u00e0&#13;\n<\/figcaption><\/figure>\n<\/figure>\n\n<p>Una volta completata la sessione di shopping, goditi una gustosa pausa da Obic\u00e0 Mozzarella Bar, un ristorante con vista mozzafiato sulle guglie del Duomo che utilizza solo ingredienti freschi italiani come la mozzarella di bufala campana.&#13;\n<\/p>\n\n<h3 class=\"wp-block-heading\"><b>Shopping negli outlet di Milano<\/b><b>: qualit\u00e0 e convenienza<\/b><\/h3>\n\n<p>Se ami l\u2019alta moda, ma non vuoi spendere una fortuna per acquistare i tuoi capi griffati preferiti, vai in uno degli outlet di Milano. Dalle offerte di fine collezione ai capi all\u2019ultimo grido, gli outlet di Milano sono forniti quanto le boutique di pr\u00eat-\u00e0-porter.&#13;\n<\/p>\n\n<p>Prima tappa: Matia\u2019s Fashion Outlet, una catena di negozi specializzata in collezioni contemporanee con quattro grandi negozi a Milano (Piazza Carlo Mirabello, Corso Venezia, Via Eugenio Balzan e Corso Vercelli). Organizzati con grande cura, i negozi di Matia\u2019s Fashion Outlet vantano un\u2019ampia collezione di abiti e accessori per donna, uomo e bambino, con creazioni di stilisti come Armani, Moschino e molti altri.&#13;\n<\/p>\n\n<p>Il Salvagente, uno dei preferiti dai milanesi, \u00e8 un must per la sua curata selezione di marchi, con un occhio di riguardo agli stilisti locali. Oltre al suo negozio fisico in Via Fratelli Bronzetti, il negozio online del Salvagente vanta un\u2019ampia collezione di marchi italiani e internazionali.&#13;\n<\/p>\n\n<p>Se invece preferisci la classica esperienza del centro commerciale, recati in uno dei Fashion City Outlet: San Giuliano a sud o Segrate a est di Milano. Da Carpisa, specializzata in pelletteria, a Del Mare 1911, uno storico marchio italiano noto per le sue collezioni di abbigliamento maschile eleganti e di alta qualit\u00e0, entrambi i complessi vantano decine di negozi dove puoi regalarti il meglio dello stile italiano a prezzi ridotti. &#13;\n<\/p>\n<div id=\"search-widget-overlay\" class=\"search-widget-overlay\">\r\n  <div class=\"search-widget-overlay__form\" data-search-widget-container>\r\n    <div class=\"search-widget-overlay__details\">\r\n      <button class=\"search-widget-overlay__close\" data-search-widget-close>\r\n        \u2715\r\n      <\/button>\r\n      <div class=\"search-widget-overlay__text\">\r\n        Tickets to Milan      <\/div>\r\n    <\/div>\r\n\r\n  <\/div>\r\n<\/div>\r\n\r\n<div class=\"search-widget-cta\">\r\n  <button class=\"search-widget-cta__button\" data-search-widget-cta>\r\n    Tickets to Milan  <\/button>\r\n<\/div>\n<h3 class=\"wp-block-heading\"><b>Shopping vintage a Milano: alta moda all\u2019insegna della sostenibilit\u00e0<\/b><\/h3>\n\n<figure class=\"wp-block-gallery has-nested-images columns-default is-cropped wp-block-gallery-7 is-layout-flex wp-block-gallery-is-layout-flex\">\n<figure class=\"wp-block-image size-large\"><img loading=\"lazy\" decoding=\"async\" width=\"1024\" height=\"683\" data-id=\"47555\" src=\"https:\/\/www.omio.it\/window-seat\/wp-content\/uploads\/2023\/02\/milan-bohemian-Brera-old-stone-1024x683.jpg\" alt=\"quartiere boh&#xE9;mien di Brera\" class=\"wp-image-47555\" srcset=\"https:\/\/www.omio.it\/window-seat\/wp-content\/uploads\/2023\/02\/milan-bohemian-Brera-old-stone-1024x683.jpg 1024w, https:\/\/www.omio.it\/window-seat\/wp-content\/uploads\/2023\/02\/milan-bohemian-Brera-old-stone-300x200.jpg 300w, https:\/\/www.omio.it\/window-seat\/wp-content\/uploads\/2023\/02\/milan-bohemian-Brera-old-stone-768x512.jpg 768w, https:\/\/www.omio.it\/window-seat\/wp-content\/uploads\/2023\/02\/milan-bohemian-Brera-old-stone-1536x1024.jpg 1536w, https:\/\/www.omio.it\/window-seat\/wp-content\/uploads\/2023\/02\/milan-bohemian-Brera-old-stone-1568x1046.jpg 1568w, https:\/\/www.omio.it\/window-seat\/wp-content\/uploads\/2023\/02\/milan-bohemian-Brera-old-stone.jpg 1900w\" sizes=\"auto, (max-width: 1024px) 100vw, 1024px\" \/><figcaption class=\"wp-element-caption\">Passeggia nel quartiere boh\u00e9mien di Brera alla ricerca di pezzi vintage unici. Credit: Getty Images&#13;\n<\/figcaption><\/figure>\n<\/figure>\n\n<p>Se vuoi fare acquisti con la coscienza completamente pulita o semplicemente ami l\u2019abbigliamento vintage, Milano non ti deluder\u00e0. Dagli stilisti giovani e responsabili ai quartieri dello shopping ricchi di negozi vintage, la sostenibilit\u00e0 \u00e8 presente anche nel mondo della moda milanese.&#13;\n<\/p>\n\n<figure class=\"wp-block-gallery has-nested-images columns-default is-cropped wp-block-gallery-8 is-layout-flex wp-block-gallery-is-layout-flex\">\n<figure class=\"wp-block-image size-large\"><img loading=\"lazy\" decoding=\"async\" width=\"1024\" height=\"683\" data-id=\"47561\" src=\"https:\/\/www.omio.it\/window-seat\/wp-content\/uploads\/2023\/02\/milan-shoping-urzi-2-1024x683.jpg\" alt=\"Urz&#xEC; Vintage\" class=\"wp-image-47561\" srcset=\"https:\/\/www.omio.it\/window-seat\/wp-content\/uploads\/2023\/02\/milan-shoping-urzi-2-1024x683.jpg 1024w, https:\/\/www.omio.it\/window-seat\/wp-content\/uploads\/2023\/02\/milan-shoping-urzi-2-300x200.jpg 300w, https:\/\/www.omio.it\/window-seat\/wp-content\/uploads\/2023\/02\/milan-shoping-urzi-2-768x512.jpg 768w, https:\/\/www.omio.it\/window-seat\/wp-content\/uploads\/2023\/02\/milan-shoping-urzi-2-1536x1024.jpg 1536w, https:\/\/www.omio.it\/window-seat\/wp-content\/uploads\/2023\/02\/milan-shoping-urzi-2-1568x1046.jpg 1568w, https:\/\/www.omio.it\/window-seat\/wp-content\/uploads\/2023\/02\/milan-shoping-urzi-2.jpg 1900w\" sizes=\"auto, (max-width: 1024px) 100vw, 1024px\" \/><figcaption class=\"wp-element-caption\">Piccolo ma ricco di preziose collezioni, Urz\u00ec Vintage \u00e8 specializzato nella moda degli anni \u201990. Credit: Urz\u00ec Vintage &#13;\n<\/figcaption><\/figure>\n<\/figure>\n\n<p>A Brera, il \u201cQuartiere delle idee\u201d, la moda vintage si fonde con l\u2019anima artistica del quartiere con le sue deliziose viuzze storiche costeggiate da gallerie d\u2019arte e negozi artigianali e rallegrate da musicisti. In questa atmosfera boh\u00e9mien, troverai Urz\u00ec Vintage, i cui proprietari Fabio e Lisa, una coppia che si \u00e8 incontrata grazie all\u2019amore per l\u2019arte e la fotografia, sono appassionati di moda italiana anni \u201990. &#13;\n<\/p>\n\n<p>Il piccolo ma elegante negozio \u00e8 specializzato in borse e capi in pelle, selezionati e rigenerati con cura. Per un\u2019esperienza pi\u00f9 unica, vai da Cavalli e Nastri, un concept store e negozio vintage con numerose collezioni di fascia alta di marchi internazionali. Questa istituzione locale ha un secondo negozio in Via Giangiacomo Mora, un\u2019altra via famosa per i negozi vintage.&#13;\n<\/p>\n\n<figure class=\"wp-block-gallery has-nested-images columns-default is-cropped wp-block-gallery-9 is-layout-flex wp-block-gallery-is-layout-flex\">\n<figure class=\"wp-block-image size-large\"><img loading=\"lazy\" decoding=\"async\" width=\"1024\" height=\"681\" data-id=\"47567\" src=\"https:\/\/www.omio.it\/window-seat\/wp-content\/uploads\/2023\/02\/milan-cavallienastri-vintage-clothing-1024x681.jpg\" alt=\"moda vintage\" class=\"wp-image-47567\" srcset=\"https:\/\/www.omio.it\/window-seat\/wp-content\/uploads\/2023\/02\/milan-cavallienastri-vintage-clothing-1024x681.jpg 1024w, https:\/\/www.omio.it\/window-seat\/wp-content\/uploads\/2023\/02\/milan-cavallienastri-vintage-clothing-300x199.jpg 300w, https:\/\/www.omio.it\/window-seat\/wp-content\/uploads\/2023\/02\/milan-cavallienastri-vintage-clothing-768x511.jpg 768w, https:\/\/www.omio.it\/window-seat\/wp-content\/uploads\/2023\/02\/milan-cavallienastri-vintage-clothing-1536x1021.jpg 1536w, https:\/\/www.omio.it\/window-seat\/wp-content\/uploads\/2023\/02\/milan-cavallienastri-vintage-clothing-1568x1042.jpg 1568w, https:\/\/www.omio.it\/window-seat\/wp-content\/uploads\/2023\/02\/milan-cavallienastri-vintage-clothing.jpg 1900w\" sizes=\"auto, (max-width: 1024px) 100vw, 1024px\" \/><figcaption class=\"wp-element-caption\">Hai mai visto un concept store dedicato alla moda vintage? Cavalli e Nastri \u00e8 un negozio unico nel suo genere con capi di alta gamma di stilisti internazionali. Credit: Cavalli e Nastri&#13;\n<\/figcaption><\/figure>\n<\/figure>\n\n<p>La zona dei Navigli \u00e8 un altro luogo speciale dove \u00e8 possibile passeggiare tra i negozi vintage godendosi l\u2019atmosfera pittoresca lungo i canali. Tra i nostri preferiti annoveriamo Pourquoi Moi, specializzato in collezioni colorate degli anni \u201960, \u201970 e \u201980. Dai motivi psichedelici e geometrici ai romantici disegni floreali, questo negozio ti trasporter\u00e0 nel periodo di massimo splendore della cultura hippie. Non perderti SousVintage, dove troverai pezzi vintage unici e limitati di marchi di fama mondiale come Kenzo, Prada e Yves Saint Laurent.&#13;\n<\/p>\n\n<figure class=\"wp-block-gallery has-nested-images columns-default is-cropped wp-block-gallery-10 is-layout-flex wp-block-gallery-is-layout-flex\">\n<figure class=\"wp-block-image size-large\"><img loading=\"lazy\" decoding=\"async\" width=\"1024\" height=\"667\" data-id=\"47573\" src=\"https:\/\/www.omio.it\/window-seat\/wp-content\/uploads\/2023\/02\/milan-markets-Fiera-di-Sinigaglia-2-1024x667.jpg\" alt=\"Fiera di Sinigaglia\" class=\"wp-image-47573\" srcset=\"https:\/\/www.omio.it\/window-seat\/wp-content\/uploads\/2023\/02\/milan-markets-Fiera-di-Sinigaglia-2-1024x667.jpg 1024w, https:\/\/www.omio.it\/window-seat\/wp-content\/uploads\/2023\/02\/milan-markets-Fiera-di-Sinigaglia-2-300x195.jpg 300w, https:\/\/www.omio.it\/window-seat\/wp-content\/uploads\/2023\/02\/milan-markets-Fiera-di-Sinigaglia-2-768x500.jpg 768w, https:\/\/www.omio.it\/window-seat\/wp-content\/uploads\/2023\/02\/milan-markets-Fiera-di-Sinigaglia-2-1536x1000.jpg 1536w, https:\/\/www.omio.it\/window-seat\/wp-content\/uploads\/2023\/02\/milan-markets-Fiera-di-Sinigaglia-2-1568x1021.jpg 1568w, https:\/\/www.omio.it\/window-seat\/wp-content\/uploads\/2023\/02\/milan-markets-Fiera-di-Sinigaglia-2.jpg 1900w\" sizes=\"auto, (max-width: 1024px) 100vw, 1024px\" \/><figcaption class=\"wp-element-caption\">Contratta con stile alla Fiera di Sinigaglia, il pi\u00f9 antico mercatino delle pulci di Milano. Credit: Getty Images&#13;\n<\/figcaption><\/figure>\n<\/figure>\n\n<p>Per vivere un\u2019esperienza ancora pi\u00f9 autentica sui Navigli, non perderti la Fiera di Sinigaglia, il pi\u00f9 antico mercatino delle pulci di Milano. Ogni sabato i venditori dispongono i loro banchi lungo il canale tra Via Valenza e Alzaia Naviglio Grande. Passeggiando tra le bancarelle troverai gli articoli pi\u00f9 disparati in vendita, dalle tipiche antichit\u00e0 italiane agli oggetti vintage ai capi d\u2019abbigliamento.&#13;\n<\/p>\n\n<h3 class=\"wp-block-heading\"><b>Moda milanese e italiana: un pezzo di storia<\/b><\/h3>\n\n<p>Se la moda ti appassiona, Milano vanta una miriade di musei dedicati alla sua affascinante storia. Non limitarti a girare tra i negozi di Milano, ma immergiti nell\u2019arte e nella laboriosit\u00e0 che hanno plasmato la storia della metropoli.&#13;\n<\/p>\n\n<figure class=\"wp-block-gallery has-nested-images columns-default is-cropped wp-block-gallery-11 is-layout-flex wp-block-gallery-is-layout-flex\">\n<figure class=\"wp-block-image size-large\"><img loading=\"lazy\" decoding=\"async\" width=\"768\" height=\"1024\" data-id=\"47579\" src=\"https:\/\/www.omio.it\/window-seat\/wp-content\/uploads\/2023\/02\/armani-store-milan-768x1024.jpg\" alt=\"Armani\/Silos \" class=\"wp-image-47579\" srcset=\"https:\/\/www.omio.it\/window-seat\/wp-content\/uploads\/2023\/02\/armani-store-milan-768x1024.jpg 768w, https:\/\/www.omio.it\/window-seat\/wp-content\/uploads\/2023\/02\/armani-store-milan-225x300.jpg 225w, https:\/\/www.omio.it\/window-seat\/wp-content\/uploads\/2023\/02\/armani-store-milan-1152x1536.jpg 1152w, https:\/\/www.omio.it\/window-seat\/wp-content\/uploads\/2023\/02\/armani-store-milan.jpg 1425w\" sizes=\"auto, (max-width: 768px) 100vw, 768px\" \/><figcaption class=\"wp-element-caption\">Imperdibile per ogni amante della moda, lo spazio espositivo Armani\/Silos espone raffinate mostre, tra cui le collezioni passate di Giorgio Armani, per un\u2019immersione a 360\u00b0 nel pensiero creativo dello stilista. Credit: Getty Images&#13;\n<\/figcaption><\/figure>\n<\/figure>\n\n<p>L\u2019Armani\/Silos, in Via Bergognone, \u00e8 uno dei pi\u00f9 celebri per il suo sguardo retrospettivo sulla vita e l\u2019opera di Giorgio Armani. Oltre alle diverse mostre d\u2019arte e fotografia che si susseguono nell\u2019arco di tutto l\u2019anno, ci sono anche tre mostre permanenti: &#8220;Androgino&#8221;, che evidenzia la fusione di discrezione ed eleganza nelle collezioni dello stilista, &#8220;Etnie&#8221;, che mette in risalto l\u2019influenza dei Paesi non occidentali nelle sue creazioni, e infine &#8220;Stelle&#8221;, che mostra una selezione di capi indossati dalle star di Hollywood.&#13;\n<\/p>\n<div id=\"search-widget-overlay\" class=\"search-widget-overlay\">\r\n  <div class=\"search-widget-overlay__form\" data-search-widget-container>\r\n    <div class=\"search-widget-overlay__details\">\r\n      <button class=\"search-widget-overlay__close\" data-search-widget-close>\r\n        \u2715\r\n      <\/button>\r\n      <div class=\"search-widget-overlay__text\">\r\n        Tickets to Milan      <\/div>\r\n    <\/div>\r\n\r\n  <\/div>\r\n<\/div>\r\n\r\n<div class=\"search-widget-cta\">\r\n  <button class=\"search-widget-cta__button\" data-search-widget-cta>\r\n    Tickets to Milan  <\/button>\r\n<\/div>\n<figure class=\"wp-block-gallery has-nested-images columns-default is-cropped wp-block-gallery-12 is-layout-flex wp-block-gallery-is-layout-flex\">\n<figure class=\"wp-block-image size-large\"><img loading=\"lazy\" decoding=\"async\" width=\"1024\" height=\"1024\" data-id=\"47585\" src=\"https:\/\/www.omio.it\/window-seat\/wp-content\/uploads\/2023\/02\/Milano-Palazzo_Morando-1024x1024.jpg\" alt=\"Palazzo Morando\" class=\"wp-image-47585\" srcset=\"https:\/\/www.omio.it\/window-seat\/wp-content\/uploads\/2023\/02\/Milano-Palazzo_Morando-1024x1024.jpg 1024w, https:\/\/www.omio.it\/window-seat\/wp-content\/uploads\/2023\/02\/Milano-Palazzo_Morando-300x300.jpg 300w, https:\/\/www.omio.it\/window-seat\/wp-content\/uploads\/2023\/02\/Milano-Palazzo_Morando-150x150.jpg 150w, https:\/\/www.omio.it\/window-seat\/wp-content\/uploads\/2023\/02\/Milano-Palazzo_Morando-768x768.jpg 768w, https:\/\/www.omio.it\/window-seat\/wp-content\/uploads\/2023\/02\/Milano-Palazzo_Morando-1536x1536.jpg 1536w, https:\/\/www.omio.it\/window-seat\/wp-content\/uploads\/2023\/02\/Milano-Palazzo_Morando-1568x1568.jpg 1568w, https:\/\/www.omio.it\/window-seat\/wp-content\/uploads\/2023\/02\/Milano-Palazzo_Morando.jpg 1900w\" sizes=\"auto, (max-width: 1024px) 100vw, 1024px\" \/><figcaption class=\"wp-element-caption\">Palazzo Morando ospita il Museo Costume Moda Immagine, che invita a scoprire la storia della moda. Credit: Getty Images&#13;\n<\/figcaption><\/figure>\n<\/figure>\n\n<figure class=\"wp-block-gallery has-nested-images columns-default is-cropped wp-block-gallery-13 is-layout-flex wp-block-gallery-is-layout-flex\">\n<figure class=\"wp-block-image size-large\"><img loading=\"lazy\" decoding=\"async\" width=\"1024\" height=\"683\" data-id=\"47591\" src=\"https:\/\/www.omio.it\/window-seat\/wp-content\/uploads\/2023\/02\/Palazzo-Morando-Milan-museum-1024x683.jpg\" alt=\"Palazzo Morando Museum\" class=\"wp-image-47591\" srcset=\"https:\/\/www.omio.it\/window-seat\/wp-content\/uploads\/2023\/02\/Palazzo-Morando-Milan-museum-1024x683.jpg 1024w, https:\/\/www.omio.it\/window-seat\/wp-content\/uploads\/2023\/02\/Palazzo-Morando-Milan-museum-300x200.jpg 300w, https:\/\/www.omio.it\/window-seat\/wp-content\/uploads\/2023\/02\/Palazzo-Morando-Milan-museum-768x512.jpg 768w, https:\/\/www.omio.it\/window-seat\/wp-content\/uploads\/2023\/02\/Palazzo-Morando-Milan-museum-1536x1024.jpg 1536w, https:\/\/www.omio.it\/window-seat\/wp-content\/uploads\/2023\/02\/Palazzo-Morando-Milan-museum-1568x1046.jpg 1568w, https:\/\/www.omio.it\/window-seat\/wp-content\/uploads\/2023\/02\/Palazzo-Morando-Milan-museum.jpg 1900w\" sizes=\"auto, (max-width: 1024px) 100vw, 1024px\" \/><figcaption class=\"wp-element-caption\">Parti per un viaggio indietro nel tempo fino al XVII secolo per scoprire la peculiare storia della moda nel museo di Palazzo Morando. Credit: Getty Images&#13;\n<\/figcaption><\/figure>\n<\/figure>\n\n<p>Per scoprire pi\u00f9 da vicino la storia della moda, al primo piano di Palazzo Morando si trova il Museo Costume Moda Immagine, con una collezione in continua evoluzione di creazioni che vanno dal XVII al XXI secolo.&#13;\n<\/p>\n","protected":false},"excerpt":{"rendered":"<p>Ah, Milano! Elegante e artistica, la capitale italiana del design e della moda si dimostra all\u2019altezza della sua reputazione a livello mondiale. In fondo alcuni dei pi\u00f9 grandi stilisti della storia sono di casa in citt\u00e0, tra cui Miuccia Prada, Gianni Versace e Giorgio Armani. Dagli anni \u201950, la metropoli meneghina \u00e8 uno dei poli&hellip; <a class=\"more-link\" href=\"https:\/\/www.omio.it\/window-seat\/it\/cultura-stili-di-vita\/attivita\/shopping-a-milano-la-capitale-italiana-della-moda\/\">Continue reading <span class=\"screen-reader-text\">Shopping a Milano, la capitale italiana della moda<\/span><\/a><\/p>\n","protected":false},"author":10,"featured_media":47517,"comment_status":"open","ping_status":"open","sticky":false,"template":"","format":"standard","meta":{"_acf_changed":false,"inline_featured_image":false,"footnotes":""},"categories":[1996],"tags":[],"position_ids":[],"class_list":["post-47613","post","type-post","status-publish","format-standard","has-post-thumbnail","hentry","category-attivita","entry"],"acf":[],"yoast_head":"<!-- This site is optimized with the Yoast SEO plugin v24.9 - https:\/\/yoast.com\/wordpress\/plugins\/seo\/ -->\n<title>Shopping a Milano, la capitale italiana della moda | Omio<\/title>\n<meta name=\"description\" content=\"Dal Quadrilatero della Moda ai negozi vintage, ecco la guida completa alla Milano Fashion Week 2023\" \/>\n<meta name=\"robots\" content=\"index, follow, max-snippet:-1, max-image-preview:large, max-video-preview:-1\" \/>\n<link rel=\"canonical\" href=\"https:\/\/www.omio.it\/window-seat\/cultura-stili-di-vita\/attivita\/shopping-a-milano-la-capitale-italiana-della-moda\/\" \/>\n<meta property=\"og:locale\" content=\"en_US\" \/>\n<meta property=\"og:type\" content=\"article\" \/>\n<meta property=\"og:title\" content=\"Shopping a Milano, la capitale italiana della moda | Omio\" \/>\n<meta property=\"og:description\" content=\"Dal Quadrilatero della Moda ai negozi vintage, ecco la guida completa alla Milano Fashion Week 2023\" \/>\n<meta property=\"og:url\" content=\"https:\/\/www.omio.it\/window-seat\/it\/cultura-stili-di-vita\/attivita\/shopping-a-milano-la-capitale-italiana-della-moda\/\" \/>\n<meta property=\"og:site_name\" content=\"The Window Seat\" \/>\n<meta property=\"article:published_time\" content=\"2023-02-09T13:13:17+00:00\" \/>\n<meta property=\"article:modified_time\" content=\"2023-02-09T15:38:48+00:00\" \/>\n<meta property=\"og:image\" content=\"https:\/\/www.omio.it\/window-seat\/wp-content\/uploads\/2023\/02\/milan-sky-birds-cityplaza-2-1024x683.jpg\" \/>\n\t<meta property=\"og:image:width\" content=\"1024\" \/>\n\t<meta property=\"og:image:height\" content=\"683\" \/>\n\t<meta property=\"og:image:type\" content=\"image\/jpeg\" \/>\n<meta name=\"author\" content=\"Melek Carkaci\" \/>\n<meta name=\"twitter:card\" content=\"summary_large_image\" \/>\n<meta name=\"twitter:label1\" content=\"Written by\" \/>\n\t<meta name=\"twitter:data1\" content=\"Melek Carkaci\" \/>\n\t<meta name=\"twitter:label2\" content=\"Est. reading time\" \/>\n\t<meta name=\"twitter:data2\" content=\"9 minutes\" \/>\n<script type=\"application\/ld+json\" class=\"yoast-schema-graph\">{\"@context\":\"https:\/\/schema.org\",\"@graph\":[{\"@type\":\"WebPage\",\"@id\":\"https:\/\/www.omio.it\/window-seat\/it\/cultura-stili-di-vita\/attivita\/shopping-a-milano-la-capitale-italiana-della-moda\/\",\"url\":\"https:\/\/www.omio.it\/window-seat\/it\/cultura-stili-di-vita\/attivita\/shopping-a-milano-la-capitale-italiana-della-moda\/\",\"name\":\"Shopping a Milano, la capitale italiana della moda | Omio\",\"isPartOf\":{\"@id\":\"https:\/\/www.omio.it\/window-seat\/#website\"},\"primaryImageOfPage\":{\"@id\":\"https:\/\/www.omio.it\/window-seat\/it\/cultura-stili-di-vita\/attivita\/shopping-a-milano-la-capitale-italiana-della-moda\/#primaryimage\"},\"image\":{\"@id\":\"https:\/\/www.omio.it\/window-seat\/it\/cultura-stili-di-vita\/attivita\/shopping-a-milano-la-capitale-italiana-della-moda\/#primaryimage\"},\"thumbnailUrl\":\"https:\/\/www.omio.it\/window-seat\/wp-content\/uploads\/2023\/02\/milan-sky-birds-cityplaza-2.jpg\",\"datePublished\":\"2023-02-09T13:13:17+00:00\",\"dateModified\":\"2023-02-09T15:38:48+00:00\",\"author\":{\"@id\":\"https:\/\/www.omio.it\/window-seat\/#\/schema\/person\/aa26f7149b7e0fcab9c1c8c5713fd830\"},\"description\":\"Dal Quadrilatero della Moda ai negozi vintage, ecco la guida completa alla Milano Fashion Week 2023\",\"breadcrumb\":{\"@id\":\"https:\/\/www.omio.it\/window-seat\/it\/cultura-stili-di-vita\/attivita\/shopping-a-milano-la-capitale-italiana-della-moda\/#breadcrumb\"},\"inLanguage\":\"en-US\",\"potentialAction\":[{\"@type\":\"ReadAction\",\"target\":[\"https:\/\/www.omio.it\/window-seat\/it\/cultura-stili-di-vita\/attivita\/shopping-a-milano-la-capitale-italiana-della-moda\/\"]}]},{\"@type\":\"ImageObject\",\"inLanguage\":\"en-US\",\"@id\":\"https:\/\/www.omio.it\/window-seat\/it\/cultura-stili-di-vita\/attivita\/shopping-a-milano-la-capitale-italiana-della-moda\/#primaryimage\",\"url\":\"https:\/\/www.omio.it\/window-seat\/wp-content\/uploads\/2023\/02\/milan-sky-birds-cityplaza-2.jpg\",\"contentUrl\":\"https:\/\/www.omio.it\/window-seat\/wp-content\/uploads\/2023\/02\/milan-sky-birds-cityplaza-2.jpg\",\"width\":1900,\"height\":1267,\"caption\":\"Milan\u2019s heart beats at the rhythm of fashion. Credit: Getty Images\"},{\"@type\":\"BreadcrumbList\",\"@id\":\"https:\/\/www.omio.it\/window-seat\/it\/cultura-stili-di-vita\/attivita\/shopping-a-milano-la-capitale-italiana-della-moda\/#breadcrumb\",\"itemListElement\":[{\"@type\":\"ListItem\",\"position\":1,\"name\":\"The Window Seat\",\"item\":\"https:\/\/www.omio.it\/window-seat\/\"},{\"@type\":\"ListItem\",\"position\":2,\"name\":\"Culture &amp; Lifestyle\",\"item\":\"https:\/\/www.omio.it\/window-seat\/culture-lifestyle\/\"},{\"@type\":\"ListItem\",\"position\":3,\"name\":\"Activities\",\"item\":\"https:\/\/www.omio.it\/window-seat\/culture-lifestyle\/activities\/\"},{\"@type\":\"ListItem\",\"position\":4,\"name\":\"Shopping a Milano, la capitale italiana della moda\"}]},{\"@type\":\"WebSite\",\"@id\":\"https:\/\/www.omio.it\/window-seat\/#website\",\"url\":\"https:\/\/www.omio.it\/window-seat\/\",\"name\":\"The Window Seat\",\"description\":\"\",\"potentialAction\":[{\"@type\":\"SearchAction\",\"target\":{\"@type\":\"EntryPoint\",\"urlTemplate\":\"https:\/\/www.omio.it\/window-seat\/?s={search_term_string}\"},\"query-input\":{\"@type\":\"PropertyValueSpecification\",\"valueRequired\":true,\"valueName\":\"search_term_string\"}}],\"inLanguage\":\"en-US\"},{\"@type\":\"Person\",\"@id\":\"https:\/\/www.omio.it\/window-seat\/#\/schema\/person\/aa26f7149b7e0fcab9c1c8c5713fd830\",\"name\":\"Melek Carkaci\",\"image\":{\"@type\":\"ImageObject\",\"inLanguage\":\"en-US\",\"@id\":\"https:\/\/www.omio.it\/window-seat\/#\/schema\/person\/image\/\",\"url\":\"https:\/\/secure.gravatar.com\/avatar\/36a542faaab71cd0c5e28f4ef1b4a47a73c2555729dc68125edeea3f89dbe027?s=96&d=mm&r=g\",\"contentUrl\":\"https:\/\/secure.gravatar.com\/avatar\/36a542faaab71cd0c5e28f4ef1b4a47a73c2555729dc68125edeea3f89dbe027?s=96&d=mm&r=g\",\"caption\":\"Melek Carkaci\"}}]}<\/script>\n<!-- \/ Yoast SEO plugin. -->","yoast_head_json":{"title":"Shopping a Milano, la capitale italiana della moda | Omio","description":"Dal Quadrilatero della Moda ai negozi vintage, ecco la guida completa alla Milano Fashion Week 2023","robots":{"index":"index","follow":"follow","max-snippet":"max-snippet:-1","max-image-preview":"max-image-preview:large","max-video-preview":"max-video-preview:-1"},"canonical":"https:\/\/www.omio.it\/window-seat\/cultura-stili-di-vita\/attivita\/shopping-a-milano-la-capitale-italiana-della-moda\/","og_locale":"en_US","og_type":"article","og_title":"Shopping a Milano, la capitale italiana della moda | Omio","og_description":"Dal Quadrilatero della Moda ai negozi vintage, ecco la guida completa alla Milano Fashion Week 2023","og_url":"https:\/\/www.omio.it\/window-seat\/it\/cultura-stili-di-vita\/attivita\/shopping-a-milano-la-capitale-italiana-della-moda\/","og_site_name":"The Window Seat","article_published_time":"2023-02-09T13:13:17+00:00","article_modified_time":"2023-02-09T15:38:48+00:00","og_image":[{"width":1024,"height":683,"url":"https:\/\/www.omio.it\/window-seat\/wp-content\/uploads\/2023\/02\/milan-sky-birds-cityplaza-2-1024x683.jpg","type":"image\/jpeg"}],"author":"Melek Carkaci","twitter_card":"summary_large_image","twitter_misc":{"Written by":"Melek Carkaci","Est. reading time":"9 minutes"},"schema":{"@context":"https:\/\/schema.org","@graph":[{"@type":"WebPage","@id":"https:\/\/www.omio.it\/window-seat\/it\/cultura-stili-di-vita\/attivita\/shopping-a-milano-la-capitale-italiana-della-moda\/","url":"https:\/\/www.omio.it\/window-seat\/it\/cultura-stili-di-vita\/attivita\/shopping-a-milano-la-capitale-italiana-della-moda\/","name":"Shopping a Milano, la capitale italiana della moda | Omio","isPartOf":{"@id":"https:\/\/www.omio.it\/window-seat\/#website"},"primaryImageOfPage":{"@id":"https:\/\/www.omio.it\/window-seat\/it\/cultura-stili-di-vita\/attivita\/shopping-a-milano-la-capitale-italiana-della-moda\/#primaryimage"},"image":{"@id":"https:\/\/www.omio.it\/window-seat\/it\/cultura-stili-di-vita\/attivita\/shopping-a-milano-la-capitale-italiana-della-moda\/#primaryimage"},"thumbnailUrl":"https:\/\/www.omio.it\/window-seat\/wp-content\/uploads\/2023\/02\/milan-sky-birds-cityplaza-2.jpg","datePublished":"2023-02-09T13:13:17+00:00","dateModified":"2023-02-09T15:38:48+00:00","author":{"@id":"https:\/\/www.omio.it\/window-seat\/#\/schema\/person\/aa26f7149b7e0fcab9c1c8c5713fd830"},"description":"Dal Quadrilatero della Moda ai negozi vintage, ecco la guida completa alla Milano Fashion Week 2023","breadcrumb":{"@id":"https:\/\/www.omio.it\/window-seat\/it\/cultura-stili-di-vita\/attivita\/shopping-a-milano-la-capitale-italiana-della-moda\/#breadcrumb"},"inLanguage":"en-US","potentialAction":[{"@type":"ReadAction","target":["https:\/\/www.omio.it\/window-seat\/it\/cultura-stili-di-vita\/attivita\/shopping-a-milano-la-capitale-italiana-della-moda\/"]}]},{"@type":"ImageObject","inLanguage":"en-US","@id":"https:\/\/www.omio.it\/window-seat\/it\/cultura-stili-di-vita\/attivita\/shopping-a-milano-la-capitale-italiana-della-moda\/#primaryimage","url":"https:\/\/www.omio.it\/window-seat\/wp-content\/uploads\/2023\/02\/milan-sky-birds-cityplaza-2.jpg","contentUrl":"https:\/\/www.omio.it\/window-seat\/wp-content\/uploads\/2023\/02\/milan-sky-birds-cityplaza-2.jpg","width":1900,"height":1267,"caption":"Milan\u2019s heart beats at the rhythm of fashion. Credit: Getty Images"},{"@type":"BreadcrumbList","@id":"https:\/\/www.omio.it\/window-seat\/it\/cultura-stili-di-vita\/attivita\/shopping-a-milano-la-capitale-italiana-della-moda\/#breadcrumb","itemListElement":[{"@type":"ListItem","position":1,"name":"The Window Seat","item":"https:\/\/www.omio.it\/window-seat\/"},{"@type":"ListItem","position":2,"name":"Culture &amp; Lifestyle","item":"https:\/\/www.omio.it\/window-seat\/culture-lifestyle\/"},{"@type":"ListItem","position":3,"name":"Activities","item":"https:\/\/www.omio.it\/window-seat\/culture-lifestyle\/activities\/"},{"@type":"ListItem","position":4,"name":"Shopping a Milano, la capitale italiana della moda"}]},{"@type":"WebSite","@id":"https:\/\/www.omio.it\/window-seat\/#website","url":"https:\/\/www.omio.it\/window-seat\/","name":"The Window Seat","description":"","potentialAction":[{"@type":"SearchAction","target":{"@type":"EntryPoint","urlTemplate":"https:\/\/www.omio.it\/window-seat\/?s={search_term_string}"},"query-input":{"@type":"PropertyValueSpecification","valueRequired":true,"valueName":"search_term_string"}}],"inLanguage":"en-US"},{"@type":"Person","@id":"https:\/\/www.omio.it\/window-seat\/#\/schema\/person\/aa26f7149b7e0fcab9c1c8c5713fd830","name":"Melek Carkaci","image":{"@type":"ImageObject","inLanguage":"en-US","@id":"https:\/\/www.omio.it\/window-seat\/#\/schema\/person\/image\/","url":"https:\/\/secure.gravatar.com\/avatar\/36a542faaab71cd0c5e28f4ef1b4a47a73c2555729dc68125edeea3f89dbe027?s=96&d=mm&r=g","contentUrl":"https:\/\/secure.gravatar.com\/avatar\/36a542faaab71cd0c5e28f4ef1b4a47a73c2555729dc68125edeea3f89dbe027?s=96&d=mm&r=g","caption":"Melek Carkaci"}}]}},"_links":{"self":[{"href":"https:\/\/www.omio.it\/window-seat\/wp-json\/wp\/v2\/posts\/47613","targetHints":{"allow":["GET"]}}],"collection":[{"href":"https:\/\/www.omio.it\/window-seat\/wp-json\/wp\/v2\/posts"}],"about":[{"href":"https:\/\/www.omio.it\/window-seat\/wp-json\/wp\/v2\/types\/post"}],"author":[{"embeddable":true,"href":"https:\/\/www.omio.it\/window-seat\/wp-json\/wp\/v2\/users\/10"}],"replies":[{"embeddable":true,"href":"https:\/\/www.omio.it\/window-seat\/wp-json\/wp\/v2\/comments?post=47613"}],"version-history":[{"count":1,"href":"https:\/\/www.omio.it\/window-seat\/wp-json\/wp\/v2\/posts\/47613\/revisions"}],"predecessor-version":[{"id":47614,"href":"https:\/\/www.omio.it\/window-seat\/wp-json\/wp\/v2\/posts\/47613\/revisions\/47614"}],"wp:featuredmedia":[{"embeddable":true,"href":"https:\/\/www.omio.it\/window-seat\/wp-json\/wp\/v2\/media\/47517"}],"wp:attachment":[{"href":"https:\/\/www.omio.it\/window-seat\/wp-json\/wp\/v2\/media?parent=47613"}],"wp:term":[{"taxonomy":"category","embeddable":true,"href":"https:\/\/www.omio.it\/window-seat\/wp-json\/wp\/v2\/categories?post=47613"},{"taxonomy":"post_tag","embeddable":true,"href":"https:\/\/www.omio.it\/window-seat\/wp-json\/wp\/v2\/tags?post=47613"},{"taxonomy":"position_id","embeddable":true,"href":"https:\/\/www.omio.it\/window-seat\/wp-json\/wp\/v2\/position_ids?post=47613"}],"curies":[{"name":"wp","href":"https:\/\/api.w.org\/{rel}","templated":true}]}}